{"id":780,"date":"2013-07-11T16:57:24","date_gmt":"2013-07-11T16:57:24","guid":{"rendered":"http:\/\/localhost\/pruebaweb\/?p=780"},"modified":"2013-07-11T16:57:24","modified_gmt":"2013-07-11T16:57:24","slug":"mijas-recuerda-la-obligacion-de-recoger-y-limpiar-las-aceras-y-terrazas-ocupadas-por-bares-y-restaurantes","status":"publish","type":"post","link":"https:\/\/www.mijas.es\/portal\/mijas-recuerda-la-obligacion-de-recoger-y-limpiar-las-aceras-y-terrazas-ocupadas-por-bares-y-restaurantes\/","title":{"rendered":"Mijas recuerda la obligaci&oacute;n de recoger y limpiar las aceras y terrazas ocupadas por bares y restaurantes"},"content":{"rendered":"<p style=\"text-align: justify;\">\n\tLa Concejal\u00eda de V\u00eda P\u00fablica del Ayuntamiento de Mijas ha recordado hoy a los propietarios y regentes de bares y restaurantes con terraza la obligaci\u00f3n de recoger las mismas y mantenerlas en perfecto estado de limpieza, tal y como exigen las ordenanzas municipales.<\/p>\n<p><\/p>\n<p style=\"text-align: justify;\">\n\t<br \/>\n\tEn los \u00faltimos d\u00edas, la citada concejal\u00eda ha remitido cartas a todos los establecimientos hoteleros y comercios, en las que se \u00abrecomienda\u00bb evitar \u00aben todo momento que la suciedad que pueda haber en el suelo de su terraza\u00bb, bien sean colillas, papeles u otros residuos, \u00abse puedan quedar ah\u00ed hasta finalizar la jornada\u00bb.<\/p>\n<p style=\"text-align: justify;\">\n\tAdem\u00e1s, la misiva se\u00f1ala que una vez finalice la jornada laboral \u00abse deber\u00e1 dejar la terraza limpia y sin obst\u00e1culos en la v\u00eda p\u00fablica\u00bb, con el objetivo de conseguir \u00abuna mejorar y conservaci\u00f3n\u00bb de la imagen est\u00e9tica y el ornato del municipio, as\u00ed como en razones de \u00absalubridad\u00bb.<\/p>\n<p style=\"text-align: justify;\">\n\tEl concejal de V\u00eda P\u00fablica, Juan Carlos Gonz\u00e1lez, ha recomendado \u00abbarrer y fregar\u00bb la acera o terraza una vez concluido el horario de atenci\u00f3n al p\u00fablico y ha asegurado que \u00abel 99 por ciento\u00bb de los hosteleros y comerciantes \u00abcumplen con las normas\u00bb y s\u00f3lo una minor\u00eda ni recoge ni limpia\u00bb lo que consider\u00f3 como \u00abexcepciones que hemos descubierto en alg\u00fan negocio de alguna urbanizaci\u00f3n\u00bb.<\/p>\n<p style=\"text-align: justify;\">\n\tGonz\u00e1lez defendi\u00f3 la medida \u00aben los usos y costumbres de siempre\u00bb y en lo preceptuado en las ordenanzas municipales. \u00abSe ha hecho siempre\u00bb y vincul\u00f3 la tarea de limpieza de estos espacios a \u00abla mayor brillantez de los negocios\u00bb.<br \/>\n\t&nbsp;<\/p>\n","protected":false},"excerpt":{"rendered":"<p>La Concejal\u00eda de V\u00eda P\u00fablica del Ayuntamiento de Mijas ha recordado hoy a los propietarios y regentes de bares y restaurantes con terraza la obligaci\u00f3n de recoger las mismas y mantenerlas en perfecto estado de limpieza, tal y como exigen las ordenanzas municipales. En los \u00faltimos d\u00edas, la citada concejal\u00eda ha remitido cartas a todos [&hellip;]<\/p>\n","protected":false},"author":1,"featured_media":7461,"comment_status":"closed","ping_status":"open","sticky":false,"template":"","format":"standard","meta":[],"categories":[19],"tags":[],"jetpack_featured_media_url":"https:\/\/www.mijas.es\/wp-content\/uploads\/2013\/07\/Image780.jpg","_links":{"self":[{"href":"https:\/\/www.mijas.es\/portal\/wp-json\/wp\/v2\/posts\/780"}],"collection":[{"href":"https:\/\/www.mijas.es\/portal\/wp-json\/wp\/v2\/posts"}],"about":[{"href":"https:\/\/www.mijas.es\/portal\/wp-json\/wp\/v2\/types\/post"}],"author":[{"embeddable":true,"href":"https:\/\/www.mijas.es\/portal\/wp-json\/wp\/v2\/users\/1"}],"replies":[{"embeddable":true,"href":"https:\/\/www.mijas.es\/portal\/wp-json\/wp\/v2\/comments?post=780"}],"version-history":[{"count":0,"href":"https:\/\/www.mijas.es\/portal\/wp-json\/wp\/v2\/posts\/780\/revisions"}],"wp:featuredmedia":[{"embeddable":true,"href":"https:\/\/www.mijas.es\/portal\/wp-json\/wp\/v2\/media\/7461"}],"wp:attachment":[{"href":"https:\/\/www.mijas.es\/portal\/wp-json\/wp\/v2\/media?parent=780"}],"wp:term":[{"taxonomy":"category","embeddable":true,"href":"https:\/\/www.mijas.es\/portal\/wp-json\/wp\/v2\/categories?post=780"},{"taxonomy":"post_tag","embeddable":true,"href":"https:\/\/www.mijas.es\/portal\/wp-json\/wp\/v2\/tags?post=780"}],"curies":[{"name":"wp","href":"https:\/\/api.w.org\/{rel}","templated":true}]}}