{"id":7239,"date":"2018-06-19T08:18:48","date_gmt":"2018-06-19T08:18:48","guid":{"rendered":"http:\/\/localhost\/pruebaweb\/?p=7239"},"modified":"2018-06-19T08:18:48","modified_gmt":"2018-06-19T08:18:48","slug":"mijas-recibe-una-inversion-de-60-millones-de-euros-para-la-construccion-de-220-viviendas-de-lujo","status":"publish","type":"post","link":"https:\/\/www.mijas.es\/portal\/mijas-recibe-una-inversion-de-60-millones-de-euros-para-la-construccion-de-220-viviendas-de-lujo\/","title":{"rendered":"Mijas recibe una inversi&oacute;n de 60 millones de euros para la construcci&oacute;n de 220 viviendas de lujo"},"content":{"rendered":"<p style=\"margin: 0px; text-align: justify; color: rgb(0, 0, 0); font-family: Arial; font-size: 13pt; font-style: normal; font-weight: normal;\">\n\t<span style=\"margin: 0px; font-family: Arial; font-size: 13pt;\"><span style=\"color:#808080;\"><span style=\"font-size:12px;\">El alcalde de la ciudad, Juan Carlos Maldonado (Cs) y los ediles de Urbanismo e Infraestructuras, Andr\u00e9s Ruiz (Cs) y Jos\u00e9 Carlos Mart\u00edn (Cs), respectivamente, han visitado las obras en un proyecto que tiene previsto crear 300 puestos de trabajo directos e indirectos&nbsp;<\/span><\/span><\/span><\/p>\n<p><\/p>\n<p style=\"margin: 0px; text-align: justify;\">\n\t<b><span style=\"margin: 0px; letter-spacing: -0.15pt; font-family: Arial;\">Mijas, 15 de junio de 2018.-<\/span><\/b><span style=\"margin: 0px; font-family: Arial;\"> El acalde de Mijas, Juan Carlos Maldonado (Cs) <\/span><span style=\"margin: 0px; font-family: Arial;\">y los ediles de Urbanismo e Infraestructuras, Andr\u00e9s Ruiz (Cs) y Jos\u00e9 Carlos Mart\u00edn (Cs), respectivamente, han visitado esta ma\u00f1ana las obras de construcci\u00f3n de <\/span><span style=\"margin: 0px; font-family: Arial;\">Santa B\u00e1rbara Heights, promoci\u00f3n enmarcada en la inversi\u00f3n de 60 millones de euros en 220 viviendas de lujo que va a desarrollar <\/span><span style=\"margin: 0px; font-family: Arial;\">CLC World Resorts &amp; Hotels en la ciudad. \u00abEste gobierno genera confianza y esa confianza se ve materializada en inversiones tanto nacionales como extranjeras. Adem\u00e1s de mejorar la oferta tur\u00edstica de nuestro municipio, esta iniciativa viene a contribuir en la creaci\u00f3n de nuevos puestos de trabajo\u00bb se\u00f1ala Maldonado.<\/span><\/p>\n<p style=\"margin: 0px; text-align: justify;\">\n\t<span style=\"margin: 0px; font-family: Arial;\">&nbsp;<\/span><\/p>\n<p style=\"margin: 0px; text-align: justify;\">\n\t<span style=\"margin: 0px; font-family: Arial;\">El alcalde ha destacado que <\/span><span style=\"background: white; margin: 0px; color: black; font-family: Arial;\">\u00abentre las mejoras que se van a ejecutar en la zona se van a acondicionar dos nuevos carriles de acceso a la urbanizaci\u00f3n, uno de aceleraci\u00f3n y otro de desaceleraci\u00f3n, que desembocan en la A7 lo que viene a mejorar la seguridad vial\u00bb. <\/span><\/p>\n<p style=\"margin: 0px; text-align: justify;\">\n\t<span style=\"margin: 0px; font-family: Arial;\">&nbsp;<\/span><\/p>\n<p style=\"margin: 0px; text-align: justify;\">\n\t<span style=\"margin: 0px; font-family: Arial;\">As\u00ed pues, esta inversi\u00f3n ya ha comenzado a desarrollarse en una primera fase que cuenta con una financiaci\u00f3n de 18 millones de euros y 50 casas de lujo que generar\u00e1 m\u00e1s de 300 empleos directos e indirectos en Mijas. La compa\u00f1\u00eda est\u00e1 trabajando en otro proyecto de 170 viviendas nuevas, con zonas deportivas y un centro comercial. <\/span><span style=\"background: white; margin: 0px; color: black; font-family: Arial;\">\u00abCuando llegamos al gobierno esta iniciativa estaba paralizada por la falta de entendimiento entre el Ayuntamiento y las demarcaciones de Costas y Carreteras. Gracias a la buena sinton\u00eda que mantenemos actualmente entre administraciones hemos podido salvar las diferencias y sacar adelante estos trabajos\u00bb, apunta Ruiz quien se\u00f1ala que \u00abpara ello, el Consistorio ha procedido a la modificaci\u00f3n del Plan as\u00ed como la empresa ha adaptado el proyecto a las exigencias de Costas y Carreteras, lo que ha permitido el desarrollo de esta inversi\u00f3n inmobiliaria\u00bb.<\/span><\/p>\n<p style=\"margin: 0px; text-align: justify;\">\n\t<span style=\"background: white; margin: 0px; color: black; font-family: Arial;\">&nbsp;<\/span><\/p>\n<p style=\"margin: 0px; text-align: justify;\">\n\t<span style=\"background: white; margin: 0px; color: black; font-family: Arial;\">Por su parte, Mart\u00edn ha puesto en valor \u00abla importancia que tiene dotar de las infraestructuras necesarias esta zona para dar servicio a los nuevos residentes desde el punto de vista de los accesos rodados a trav\u00e9s de viales y accesos a las grandes v\u00edas de comunicaci\u00f3n como es en este caso la autov\u00eda\u00bb. De la misma manera el edil ha se\u00f1alado que \u00abel poder dotar de instalaciones el\u00e9ctricas y abastecimiento que van a entrar en funcionamiento en breve supone un gran esfuerzo y avance para este tipo de instalaciones en el municipio\u00bb.<\/span><\/p>\n<p style=\"margin: 0px; text-align: justify;\">\n\t<span style=\"background: white; margin: 0px; color: black; font-family: Arial;\">&nbsp;<\/span><\/p>\n<p style=\"margin: 0px; text-align: justify;\">\n\t<span style=\"margin: 0px; font-family: Arial;\">CLC World Resorts &amp; Hotels lleva 35 a\u00f1os en La Costa del Sol y ha experimentado un importante crecimiento desde entonces. Actualmente la empresa ha adquirido un gran prestigio internacional. De la misma manera es referente en el sector con complejos residenciales y tur\u00edsticos en Estados Unidos, Austria, Turqu\u00eda, Inglaterra o Escocia, entre otros. En Espa\u00f1a opera tanto en Tenerife como en M\u00e1laga.<\/span><\/p>\n<p style=\"margin: 0px; text-align: justify;\">\n\t<span style=\"margin: 0px; font-family: Arial;\">&nbsp;<\/span><\/p>\n<p style=\"margin: 0px; text-align: justify;\">\n\t<span style=\"margin: 0px; font-family: Arial;\">Desde el Ayuntamiento se ha estado trabajando estrechamente con la compa\u00f1\u00eda para el fomento del empleo en la ciudad y el impulso de la formaci\u00f3n siendo habitualmente colaboradores en varias iniciativas. Desde la mercantil aseguran que \u00absu apuesta es por un empleo sostenible a lo largo del a\u00f1o que se ha logrado en los complejos hoteleros del Grupo en Mijas. El presidente de CLC World, Roy Peires, destaca \u00abla sinergia con la administraci\u00f3n local, un elemento esencial para el desarrollo de la comunidad y la empresa\u00bb.<\/span><\/p>\n<p style=\"margin: 0px; text-align: justify;\">\n\t<span style=\"margin: 0px; font-family: Arial;\">&nbsp;<\/span><\/p>\n<p style=\"margin: 0px; text-align: justify;\">\n\t&nbsp;<\/p>\n<p>\n\t&nbsp;<\/p>\n","protected":false},"excerpt":{"rendered":"<p>El alcalde de la ciudad, Juan Carlos Maldonado (Cs) y los ediles de Urbanismo e Infraestructuras, Andr\u00e9s Ruiz (Cs) y Jos\u00e9 Carlos Mart\u00edn (Cs), respectivamente, han visitado las obras en un proyecto que tiene previsto crear 300 puestos de trabajo directos e indirectos&nbsp; Mijas, 15 de junio de 2018.- El acalde de Mijas, Juan Carlos [&hellip;]<\/p>\n","protected":false},"author":1,"featured_media":10030,"comment_status":"closed","ping_status":"open","sticky":false,"template":"","format":"standard","meta":[],"categories":[19],"tags":[],"jetpack_featured_media_url":"https:\/\/www.mijas.es\/wp-content\/uploads\/2018\/06\/Image7239.jpg","_links":{"self":[{"href":"https:\/\/www.mijas.es\/portal\/wp-json\/wp\/v2\/posts\/7239"}],"collection":[{"href":"https:\/\/www.mijas.es\/portal\/wp-json\/wp\/v2\/posts"}],"about":[{"href":"https:\/\/www.mijas.es\/portal\/wp-json\/wp\/v2\/types\/post"}],"author":[{"embeddable":true,"href":"https:\/\/www.mijas.es\/portal\/wp-json\/wp\/v2\/users\/1"}],"replies":[{"embeddable":true,"href":"https:\/\/www.mijas.es\/portal\/wp-json\/wp\/v2\/comments?post=7239"}],"version-history":[{"count":0,"href":"https:\/\/www.mijas.es\/portal\/wp-json\/wp\/v2\/posts\/7239\/revisions"}],"wp:featuredmedia":[{"embeddable":true,"href":"https:\/\/www.mijas.es\/portal\/wp-json\/wp\/v2\/media\/10030"}],"wp:attachment":[{"href":"https:\/\/www.mijas.es\/portal\/wp-json\/wp\/v2\/media?parent=7239"}],"wp:term":[{"taxonomy":"category","embeddable":true,"href":"https:\/\/www.mijas.es\/portal\/wp-json\/wp\/v2\/categories?post=7239"},{"taxonomy":"post_tag","embeddable":true,"href":"https:\/\/www.mijas.es\/portal\/wp-json\/wp\/v2\/tags?post=7239"}],"curies":[{"name":"wp","href":"https:\/\/api.w.org\/{rel}","templated":true}]}}