{"id":65549,"date":"2026-09-03T13:47:41","date_gmt":"2026-09-03T12:47:41","guid":{"rendered":"https:\/\/www.mijas.es\/portal\/?p=65549"},"modified":"2026-09-03T13:47:43","modified_gmt":"2026-09-03T12:47:43","slug":"el-ayuntamiento-de-mijas-activara-el-servicio-de-lanzaderas-para-la-feria-desde-osunillas-la-cala-las-lagunas-y-la-cantera-del-pueblo","status":"publish","type":"post","link":"https:\/\/www.mijas.es\/portal\/el-ayuntamiento-de-mijas-activara-el-servicio-de-lanzaderas-para-la-feria-desde-osunillas-la-cala-las-lagunas-y-la-cantera-del-pueblo\/","title":{"rendered":"El Ayuntamiento de Mijas activar\u00e1 el servicio de lanzaderas para la feria desde Osunillas, La Cala, Las Lagunas y la cantera del pueblo"},"content":{"rendered":"\n<ul>\n<li>Desde el d\u00eda 7 y hasta el d\u00eda 12 se facilitar\u00e1 el transporte a los vecinos y visitantes para disfrutar de la semana festiva<br><\/li>\n\n\n\n<li>Una flota de diez autobuses cubrir\u00e1 los desplazamientos, que se mantendr\u00e1n activos a diario con la \u00faltima salida a las 05.00 horas<\/li>\n<\/ul>\n\n\n\n<p><strong>Mijas, 3 de septiembre de 2026.-<\/strong> El Ayuntamiento de Mijas activar\u00e1 con motivo de la Feria de Mijas, entre los d\u00edas 7 y 12 de septiembre, un servicio de autobuses lanzadera que facilitar\u00e1 el transporte y la movilidad de los vecinos del municipio y de los visitantes que quieran disfrutar de la semana festiva. Los veh\u00edculos partir\u00e1n desde Osunillas, La Cala, Las Lagunas y la cantera del pueblo, donde se habilitar\u00e1n zonas de aparcamiento disuasorio para que los interesados cojan los autobuses.<\/p>\n\n\n\n<p>El concejal de Movilidad, Marco Cort\u00e9s, ha presentado hoy el servicio, que estar\u00e1 dotado con diez autobuses en total. Tendr\u00e1 su base en la plaza de la Fuente de la Seda (debajo del edificio del ayuntamiento). Cada hora en punto saldr\u00e1 un autob\u00fas desde cada uno de los n\u00facleos citados con direcci\u00f3n al pueblo.<\/p>\n\n\n\n<p>Comenzar\u00e1 el primer d\u00eda de feria (7 de septiembre) a las 18.00 horas desde Osunillas (parada del campo de f\u00fatbol) y a las 19.00 desde La Cala (recinto ferial) y Las Lagunas (avenida Mar\u00eda Zambrano, a la altura del recinto ferial).<\/p>\n\n\n\n<p>Cort\u00e9s ha informado de que los d\u00edas 8, 9 y 10 de septiembre, los autobuses comenzar\u00e1n a comunicar La Cala y Las Lagunas con el pueblo desde las 17.00 horas; y los d\u00edas 11 y 12 (viernes y s\u00e1bado), desde las 15.00 horas. En el caso de Osunillas, ser\u00e1 a las 17.00 horas todos los d\u00edas entre el 8 y el 12. Por su parte, la lanzadera desde la cantera funcionar\u00e1 a diario (del 7 al 12) entre las 10.00 horas y las 04.30 horas.<\/p>\n\n\n\n<p>Las \u00faltimas salidas desde el pueblo hacia todos los destinos (La Cala, Las Lagunas, Osunillas y la cantera) es a las 05.00 horas, seg\u00fan ha a\u00f1adido Cort\u00e9s.<\/p>\n\n\n\n<p>Adem\u00e1s de las lanzaderas del Ayuntamiento de Mijas, el Consorcio de Transportes del \u00c1rea Metropolitana de M\u00e1laga refuerza la ruta M-122 Fuengirola-Mijas, que conecta Mijas Pueblo y Fuengirola con m\u00e1s expediciones nocturnas. Habr\u00e1 siete servicios extraordinarios completos con salida desde Fuengirola hasta las 02:00 horas, y desde Mijas Pueblo hasta las 02:30 horas.<\/p>\n","protected":false},"excerpt":{"rendered":"<p>Mijas, 3 de septiembre de 2026.- El Ayuntamiento de Mijas activar\u00e1 con motivo de la Feria de Mijas, entre los d\u00edas 7 y 12 de septiembre, un servicio de autobuses lanzadera que facilitar\u00e1 el transporte y la movilidad de los vecinos del municipio y de los visitantes que quieran disfrutar de la semana festiva. Los [&hellip;]<\/p>\n","protected":false},"author":18,"featured_media":65550,"comment_status":"closed","ping_status":"open","sticky":false,"template":"","format":"standard","meta":[],"categories":[19],"tags":[310,322,336,298,315],"jetpack_featured_media_url":"https:\/\/www.mijas.es\/wp-content\/uploads\/2026\/09\/Presentacion-buses-lanzadera-feria-de-Mijas-scaled.jpg","_links":{"self":[{"href":"https:\/\/www.mijas.es\/portal\/wp-json\/wp\/v2\/posts\/65549"}],"collection":[{"href":"https:\/\/www.mijas.es\/portal\/wp-json\/wp\/v2\/posts"}],"about":[{"href":"https:\/\/www.mijas.es\/portal\/wp-json\/wp\/v2\/types\/post"}],"author":[{"embeddable":true,"href":"https:\/\/www.mijas.es\/portal\/wp-json\/wp\/v2\/users\/18"}],"replies":[{"embeddable":true,"href":"https:\/\/www.mijas.es\/portal\/wp-json\/wp\/v2\/comments?post=65549"}],"version-history":[{"count":1,"href":"https:\/\/www.mijas.es\/portal\/wp-json\/wp\/v2\/posts\/65549\/revisions"}],"predecessor-version":[{"id":65551,"href":"https:\/\/www.mijas.es\/portal\/wp-json\/wp\/v2\/posts\/65549\/revisions\/65551"}],"wp:featuredmedia":[{"embeddable":true,"href":"https:\/\/www.mijas.es\/portal\/wp-json\/wp\/v2\/media\/65550"}],"wp:attachment":[{"href":"https:\/\/www.mijas.es\/portal\/wp-json\/wp\/v2\/media?parent=65549"}],"wp:term":[{"taxonomy":"category","embeddable":true,"href":"https:\/\/www.mijas.es\/portal\/wp-json\/wp\/v2\/categories?post=65549"},{"taxonomy":"post_tag","embeddable":true,"href":"https:\/\/www.mijas.es\/portal\/wp-json\/wp\/v2\/tags?post=65549"}],"curies":[{"name":"wp","href":"https:\/\/api.w.org\/{rel}","templated":true}]}}