{"id":65521,"date":"2026-09-01T12:18:43","date_gmt":"2026-09-01T11:18:43","guid":{"rendered":"https:\/\/www.mijas.es\/portal\/?p=65521"},"modified":"2026-09-01T12:18:46","modified_gmt":"2026-09-01T11:18:46","slug":"el-ayuntamiento-de-mijas-arranca-la-formacion-de-los-profesores-de-la-up-de-cara-al-comienzo-del-proximo-curso-escolar","status":"publish","type":"post","link":"https:\/\/www.mijas.es\/portal\/el-ayuntamiento-de-mijas-arranca-la-formacion-de-los-profesores-de-la-up-de-cara-al-comienzo-del-proximo-curso-escolar\/","title":{"rendered":"El Ayuntamiento de Mijas arranca la formaci\u00f3n de los profesores de la UP de cara al comienzo del pr\u00f3ximo curso escolar"},"content":{"rendered":"\n<ul>\n<li>Durante quince d\u00edas los docentes organizar\u00e1n las clases y aprender\u00e1n el manejo de herramientas internas, redes sociales e IA<\/li>\n<\/ul>\n\n\n\n<p><strong>Mijas, 1 de septiembre de 2026.-<\/strong> Nuevo curso y nuevos retos; esto es a lo que se enfrentan tanto los profesores como los alumnos de la UP ante el comienzo de las clases que tendr\u00e1 lugar el d\u00eda 15 de septiembre. Pero antes de este arranque, los docentes est\u00e1n recibiendo unos cursos de formaci\u00f3n y planificaci\u00f3n que se desarrollar\u00e1n en la primera quincena del mes.<\/p>\n\n\n\n<p>La concejala de la UP, Silvia Mar\u00edn, as\u00ed lo ha explicado, destacando que ser\u00e1n una treintena de profesores los que se acoger\u00e1n a esta formaci\u00f3n, que es la primera vez que se desarrolla. \u201cA lo largo de estos d\u00edas aprender\u00e1n c\u00f3mo funcionan las aplicaciones internas municipales, tambi\u00e9n el manejo de redes sociales o herramientas relacionadas con la inteligencia artificial\u201d, ha enumerado la edil.<\/p>\n\n\n\n<p>Mar\u00edn ha adelantado que los docentes recibir\u00e1n formaci\u00f3n espec\u00edfica para mejorar la atenci\u00f3n a la diversidad y a los alumnos con necesidades especiales, todo ello en colaboraci\u00f3n con el \u00e1rea de Inclusi\u00f3n Social. Adem\u00e1s se incluye una jornada destinada a proporcionar al docente conocimientos y herramientas ante la diversidad del alumnado en cuestiones tan importantes como la identidad y expresi\u00f3n de g\u00e9nero.<\/p>\n\n\n\n<p>Asimismo, la concejala ha informado que durante estos primeros d\u00edas de septiembre el profesorado trabajar\u00e1 en la organizaci\u00f3n de los departamentos, as\u00ed como en la preparaci\u00f3n de las actividades del curso, tales como la Semana Cultural y el fin de curso. La edil a su vez ha indicado que la coordinaci\u00f3n interdepartamental es una de las grandes bases para el desarrollo de las actividades durante el curso, por lo que se ha propuesto nombrar a un delegado por disciplina para abordar en reuniones peri\u00f3dicas todas las circunstancias que puedan pasar durante estos meses de curso.<\/p>\n\n\n\n<p>A partir del d\u00eda 15 est\u00e1 previsto que se incorporen a las aulas m\u00e1s de 3.000 alumnos para disfrutar de 31 talleres distribuidos en diferentes zonas. La edil ha indicado que quedan pocas plazas disponibles y \u00e9stas se podr\u00e1n solicitar hasta el 10 de septiembre.<\/p>\n","protected":false},"excerpt":{"rendered":"<p>Mijas, 1 de septiembre de 2026.- Nuevo curso y nuevos retos; esto es a lo que se enfrentan tanto los profesores como los alumnos de la UP ante el comienzo de las clases que tendr\u00e1 lugar el d\u00eda 15 de septiembre. Pero antes de este arranque, los docentes est\u00e1n recibiendo unos cursos de formaci\u00f3n y [&hellip;]<\/p>\n","protected":false},"author":18,"featured_media":65522,"comment_status":"closed","ping_status":"open","sticky":false,"template":"","format":"standard","meta":[],"categories":[19],"tags":[],"jetpack_featured_media_url":"https:\/\/www.mijas.es\/wp-content\/uploads\/2026\/09\/Comienzo-de-curso-de-la-UP.jpg","_links":{"self":[{"href":"https:\/\/www.mijas.es\/portal\/wp-json\/wp\/v2\/posts\/65521"}],"collection":[{"href":"https:\/\/www.mijas.es\/portal\/wp-json\/wp\/v2\/posts"}],"about":[{"href":"https:\/\/www.mijas.es\/portal\/wp-json\/wp\/v2\/types\/post"}],"author":[{"embeddable":true,"href":"https:\/\/www.mijas.es\/portal\/wp-json\/wp\/v2\/users\/18"}],"replies":[{"embeddable":true,"href":"https:\/\/www.mijas.es\/portal\/wp-json\/wp\/v2\/comments?post=65521"}],"version-history":[{"count":1,"href":"https:\/\/www.mijas.es\/portal\/wp-json\/wp\/v2\/posts\/65521\/revisions"}],"predecessor-version":[{"id":65523,"href":"https:\/\/www.mijas.es\/portal\/wp-json\/wp\/v2\/posts\/65521\/revisions\/65523"}],"wp:featuredmedia":[{"embeddable":true,"href":"https:\/\/www.mijas.es\/portal\/wp-json\/wp\/v2\/media\/65522"}],"wp:attachment":[{"href":"https:\/\/www.mijas.es\/portal\/wp-json\/wp\/v2\/media?parent=65521"}],"wp:term":[{"taxonomy":"category","embeddable":true,"href":"https:\/\/www.mijas.es\/portal\/wp-json\/wp\/v2\/categories?post=65521"},{"taxonomy":"post_tag","embeddable":true,"href":"https:\/\/www.mijas.es\/portal\/wp-json\/wp\/v2\/tags?post=65521"}],"curies":[{"name":"wp","href":"https:\/\/api.w.org\/{rel}","templated":true}]}}