{"id":65517,"date":"2026-09-01T12:36:22","date_gmt":"2026-09-01T11:36:22","guid":{"rendered":"https:\/\/www.mijas.es\/portal\/?p=65517"},"modified":"2026-09-01T13:42:57","modified_gmt":"2026-09-01T12:42:57","slug":"mijas-cierra-agosto-con-un-944-de-ocupacion-hotelera-y-sube-al-tercer-puesto-de-la-provincia","status":"publish","type":"post","link":"https:\/\/www.mijas.es\/portal\/mijas-cierra-agosto-con-un-944-de-ocupacion-hotelera-y-sube-al-tercer-puesto-de-la-provincia\/","title":{"rendered":"Mijas cierra agosto con un 94,4% de ocupaci\u00f3n hotelera y sube al tercer puesto de la provincia"},"content":{"rendered":"\n<ul>\n<li>El municipio mejora en 0,83 puntos su registro de agosto de 2025 y es uno de los tres grandes destinos de la Costa del Sol que crecen respecto al pasado verano, seg\u00fan los datos de AEHCOS<br><\/li>\n\n\n\n<li>La ocupaci\u00f3n media provincial, del 92,85%, supera en casi cuatro puntos la previsi\u00f3n que la patronal hotelera manejaba a finales de julio<\/li>\n<\/ul>\n\n\n\n<p><strong>Mijas, <\/strong><strong>1<\/strong><strong> de <\/strong><strong>septiembre<\/strong><strong> de 202<\/strong><strong>6<\/strong><strong>.-<\/strong> Mijas ha cerrado el mes de agosto con una ocupaci\u00f3n hotelera del 94,4%, seg\u00fan los datos publicados por la Asociaci\u00f3n de Empresarios Hoteleros de la Costa del Sol (AEHCOS). La cifra sit\u00faa al municipio 1,55 puntos por encima de la media provincial, fijada en el 92,85%, y como tercer destino con mayor ocupaci\u00f3n de la provincia, por detr\u00e1s de Benalm\u00e1dena (96,2%) y Torremolinos (95,5%).<\/p>\n\n\n\n<p>Mijas mejora adem\u00e1s en 0,83 puntos su propio dato de agosto de 2025, cuando registr\u00f3 un 93,57%. Es una de las tres principales localidades tur\u00edsticas de la Costa del Sol que crece respecto al pasado verano, junto a Benalm\u00e1dena y Torremolinos, y lo hace por encima de lo que avanza el conjunto de la provincia. Esa evoluci\u00f3n le permite escalar dos posiciones en la clasificaci\u00f3n provincial: hace un a\u00f1o Mijas ocupaba el quinto puesto entre los grandes destinos.<\/p>\n\n\n\n<figure class=\"wp-block-image size-large\"><img decoding=\"async\" width=\"1024\" height=\"667\" src=\"https:\/\/www.mijas.es\/wp-content\/uploads\/2026\/09\/Turismo-Mijas-ocupacion-agosto-2-1024x667.jpg\" alt=\"\" class=\"wp-image-65525\" srcset=\"https:\/\/www.mijas.es\/wp-content\/uploads\/2026\/09\/Turismo-Mijas-ocupacion-agosto-2-1024x667.jpg 1024w, https:\/\/www.mijas.es\/wp-content\/uploads\/2026\/09\/Turismo-Mijas-ocupacion-agosto-2-300x195.jpg 300w, https:\/\/www.mijas.es\/wp-content\/uploads\/2026\/09\/Turismo-Mijas-ocupacion-agosto-2-768x500.jpg 768w, https:\/\/www.mijas.es\/wp-content\/uploads\/2026\/09\/Turismo-Mijas-ocupacion-agosto-2-1536x1000.jpg 1536w, https:\/\/www.mijas.es\/wp-content\/uploads\/2026\/09\/Turismo-Mijas-ocupacion-agosto-2.jpg 1600w\" sizes=\"(max-width: 1024px) 100vw, 1024px\" \/><\/figure>\n\n\n\n<p>Es tambi\u00e9n el segundo mes consecutivo en el que el municipio figura entre los primeros de la Costa del Sol. En julio Mijas registr\u00f3 un 92,26% de ocupaci\u00f3n, la segunda mejor cifra de la provincia despu\u00e9s de Torremolinos, y en agosto suma m\u00e1s de dos puntos sobre ese dato.<\/p>\n\n\n\n<p>El resultado del conjunto de la provincia ha superado con holgura las expectativas del sector. AEHCOS estimaba a finales de julio una ocupaci\u00f3n del 88,87% para agosto y anticipaba una moderaci\u00f3n respecto al verano anterior; el cierre real, del 92,85%, se sit\u00faa casi cuatro puntos por encima de esa previsi\u00f3n y 0,70 puntos por encima del 92,15% registrado en agosto de 2025.<\/p>\n\n\n\n<p>El concejal de Turismo del Ayuntamiento de Mijas, Francisco Jerez, ha valorado unos resultados que, ha se\u00f1alado, \u00abno son un dato aislado, sino la confirmaci\u00f3n de una tendencia: ven\u00edamos de un junio y un julio por encima de lo previsto y agosto lo ha vuelto a superar\u00bb. \u00abLo importante no es solo el porcentaje, es que crecemos cuando buena parte de la provincia se mantiene o retrocede. Eso dice mucho del trabajo de los hoteles, los restaurantes y los profesionales del sector en Mijas\u00bb, ha a\u00f1adido.<\/p>\n\n\n\n<p>Los datos de agosto reflejan tambi\u00e9n un cambio en el perfil del visitante. El mercado internacional ha representado el 60,5% de los clientes alojados, frente al 39,5% de procedencia nacional, un reparto que confirma la recuperaci\u00f3n progresiva de la demanda espa\u00f1ola observada durante los meses centrales del verano: en julio los visitantes nacionales supon\u00edan el 32,2%.<\/p>\n\n\n\n<p>El edil ha subrayado que estos resultados responden tanto a la diversidad de la oferta del municipio como a la interlocuci\u00f3n permanente con el sector a trav\u00e9s de Mijas Lab, la mesa de turismo p\u00fablico-privada constituida en marzo. \u00abMijas re\u00fane playa, monta\u00f1a, golf, gastronom\u00eda, cultura y un casco hist\u00f3rico con identidad propia. Eso permite ofrecer experiencias muy distintas dentro de un mismo destino, y explica que funcionemos bien tanto en temporada alta como fuera de ella\u00bb, ha se\u00f1alado. El turismo sostiene actualmente cerca de 8.000 empleos en el municipio, con 7.974 trabajadores vinculados al sector en el segundo trimestre del a\u00f1o, un 3,60% m\u00e1s que hace doce meses.<\/p>\n\n\n\n<p>De cara a los pr\u00f3ximos meses, AEHCOS prev\u00e9 una ocupaci\u00f3n provincial del 88,58% en septiembre y superior al 83% en octubre, con una comparaci\u00f3n interanual que la propia patronal califica de moderada. En el caso de Mijas, la estimaci\u00f3n para octubre alcanza el 80,7%.<\/p>\n\n\n\n<p>Para Jerez, ah\u00ed est\u00e1 el verdadero trabajo de la Concejal\u00eda. \u00abEl verano va funcionando; lo dif\u00edcil son los otros nueve meses, y ese es el margen que tenemos por delante\u00bb, ha se\u00f1alado. \u00abVamos a seguir promocionando el golf, el turismo deportivo, la gastronom\u00eda y el interior, que son los segmentos que traen visitantes en noviembre y en febrero, cuando de verdad se nota si un destino ha hecho los deberes\u00bb.<\/p>\n\n\n\n<p>Como primer paso de esa temporada media, la Concejal\u00eda de Turismo celebrar\u00e1 el pr\u00f3ximo 23 de septiembre el D\u00eda del Turista en la plaza Virgen de la Pe\u00f1a, con espect\u00e1culo flamenco y degustaci\u00f3n de paella, dentro de la conmemoraci\u00f3n del D\u00eda Mundial del Turismo.<\/p>\n","protected":false},"excerpt":{"rendered":"<p>Mijas, 1 de septiembre de 2026.- Mijas ha cerrado el mes de agosto con una ocupaci\u00f3n hotelera del 94,4%, seg\u00fan los datos publicados por la Asociaci\u00f3n de Empresarios Hoteleros de la Costa del Sol (AEHCOS). La cifra sit\u00faa al municipio 1,55 puntos por encima de la media provincial, fijada en el 92,85%, y como tercer [&hellip;]<\/p>\n","protected":false},"author":18,"featured_media":65524,"comment_status":"closed","ping_status":"open","sticky":false,"template":"","format":"standard","meta":[],"categories":[19],"tags":[],"jetpack_featured_media_url":"https:\/\/www.mijas.es\/wp-content\/uploads\/2026\/09\/Turismo-Mijas-ocupacion-agosto-3.jpg","_links":{"self":[{"href":"https:\/\/www.mijas.es\/portal\/wp-json\/wp\/v2\/posts\/65517"}],"collection":[{"href":"https:\/\/www.mijas.es\/portal\/wp-json\/wp\/v2\/posts"}],"about":[{"href":"https:\/\/www.mijas.es\/portal\/wp-json\/wp\/v2\/types\/post"}],"author":[{"embeddable":true,"href":"https:\/\/www.mijas.es\/portal\/wp-json\/wp\/v2\/users\/18"}],"replies":[{"embeddable":true,"href":"https:\/\/www.mijas.es\/portal\/wp-json\/wp\/v2\/comments?post=65517"}],"version-history":[{"count":3,"href":"https:\/\/www.mijas.es\/portal\/wp-json\/wp\/v2\/posts\/65517\/revisions"}],"predecessor-version":[{"id":65528,"href":"https:\/\/www.mijas.es\/portal\/wp-json\/wp\/v2\/posts\/65517\/revisions\/65528"}],"wp:featuredmedia":[{"embeddable":true,"href":"https:\/\/www.mijas.es\/portal\/wp-json\/wp\/v2\/media\/65524"}],"wp:attachment":[{"href":"https:\/\/www.mijas.es\/portal\/wp-json\/wp\/v2\/media?parent=65517"}],"wp:term":[{"taxonomy":"category","embeddable":true,"href":"https:\/\/www.mijas.es\/portal\/wp-json\/wp\/v2\/categories?post=65517"},{"taxonomy":"post_tag","embeddable":true,"href":"https:\/\/www.mijas.es\/portal\/wp-json\/wp\/v2\/tags?post=65517"}],"curies":[{"name":"wp","href":"https:\/\/api.w.org\/{rel}","templated":true}]}}