{"id":65511,"date":"2026-08-31T11:41:34","date_gmt":"2026-08-31T10:41:34","guid":{"rendered":"https:\/\/www.mijas.es\/portal\/?p=65511"},"modified":"2026-08-31T11:41:36","modified_gmt":"2026-08-31T10:41:36","slug":"mijas-se-suma-a-los-actos-institucionales-de-apoyo-a-ceuta-convocados-por-la-federacion-espanola-de-municipios-y-provincias-el-dia-2","status":"publish","type":"post","link":"https:\/\/www.mijas.es\/portal\/mijas-se-suma-a-los-actos-institucionales-de-apoyo-a-ceuta-convocados-por-la-federacion-espanola-de-municipios-y-provincias-el-dia-2\/","title":{"rendered":"Mijas se suma a los actos institucionales de apoyo a Ceuta convocados por la Federaci\u00f3n Espa\u00f1ola de Municipios y Provincias el d\u00eda 2"},"content":{"rendered":"\n<ul>\n<li>El edificio del ayuntamiento, en Mijas Pueblo, y las tenencias de La Cala y Las Lagunas acoger\u00e1n las concentraciones a las 20 horas<\/li>\n<\/ul>\n\n\n\n<p><strong>Mijas, 31 de agosto de 2026.-<\/strong> El Ayuntamiento de Mijas se suma a los actos institucionales en apoyo a Ceuta y a los ceut\u00edes, convocados por la Federaci\u00f3n Espa\u00f1ola de Municipios y Provincias (FEMP), este mi\u00e9rcoles 2 de septiembre a las 20.00 horas. La alcaldesa, Ana Mata, ha informado hoy de la celebraci\u00f3n oficial de estos actos, que tendr\u00e1n lugar en las puertas del ayuntamiento (Mijas Pueblo) y de las tenencias de alcald\u00eda de Las Lagunas y La Cala.<\/p>\n\n\n\n<p>El Ayuntamiento de Mijas quiere transmitir as\u00ed el respaldo institucional y el del municipio a la ciudad aut\u00f3noma, que atraviesa desde hace m\u00e1s de un mes una situaci\u00f3n cr\u00edtica. La alcaldesa ha convocado a todos los mije\u00f1os a expresar su respaldo a los ceut\u00edes en defensa del respeto a la integridad territorial de Espa\u00f1a; y de la seguridad, la convivencia y la dignidad en la ciudad aut\u00f3noma.<\/p>\n\n\n\n<p>\u201cCeuta no est\u00e1 sola y Mijas lo va a demostrar el mi\u00e9rcoles a partir de las 20.00 horas en sendos actos institucionales en el pueblo, Las Lagunas y La Cala, al igual que el resto de los ayuntamientos espa\u00f1oles; porque nos une a los ceut\u00edes un sentimiento de pertenencia, de identificaci\u00f3n y de solidaridad ante una situaci\u00f3n tan delicada\u201d, ha dicho Mata.<\/p>\n\n\n\n<p>En concreto, el Ayuntamiento de Mijas se suma a la convocatoria e invita a todos los vecinos, colectivos y entidades sociales del municipio a acompa\u00f1ar a esta iniciativa institucional, promovida en ejercicio de las funciones municipales de representaci\u00f3n, direcci\u00f3n y organizaci\u00f3n.<\/p>\n\n\n\n<p>La resoluci\u00f3n de convocatoria del acto institucional encomienda asimismo a la Polic\u00eda Local de Mijas y a los restantes servicios municipales competentes la adopci\u00f3n de las medidas organizativas, de seguridad, accesibilidad, ordenaci\u00f3n del espacio y, en su caso, la regulaci\u00f3n del tr\u00e1fico que resulten necesarias en cada emplazamiento.<\/p>\n\n\n\n<p>La FEMP convoc\u00f3 el pasado 25 de agosto a los 8.132 ayuntamientos espa\u00f1oles a expresar su apoyo a Ceuta el d\u00eda 2, tras una visita de su presidenta, Mar\u00eda Jos\u00e9 Garc\u00eda-Pelayo, a la ciudad aut\u00f3noma, donde se reuni\u00f3 con el presidente, Juan Jes\u00fas Vivas. All\u00ed ambos destacaron que se vive \u201cel momento m\u00e1s dif\u00edcil de la historia reciente y una de las situaciones m\u00e1s graves, desde la perspectiva de la seguridad nacional, vivida por Espa\u00f1a\u201d.<br><\/p>\n","protected":false},"excerpt":{"rendered":"<p>Mijas, 31 de agosto de 2026.- El Ayuntamiento de Mijas se suma a los actos institucionales en apoyo a Ceuta y a los ceut\u00edes, convocados por la Federaci\u00f3n Espa\u00f1ola de Municipios y Provincias (FEMP), este mi\u00e9rcoles 2 de septiembre a las 20.00 horas. La alcaldesa, Ana Mata, ha informado hoy de la celebraci\u00f3n oficial de [&hellip;]<\/p>\n","protected":false},"author":18,"featured_media":65512,"comment_status":"closed","ping_status":"open","sticky":false,"template":"","format":"standard","meta":[],"categories":[19],"tags":[322,336,298],"jetpack_featured_media_url":"https:\/\/www.mijas.es\/wp-content\/uploads\/2026\/08\/Mijas-con-Ceuta.jpeg","_links":{"self":[{"href":"https:\/\/www.mijas.es\/portal\/wp-json\/wp\/v2\/posts\/65511"}],"collection":[{"href":"https:\/\/www.mijas.es\/portal\/wp-json\/wp\/v2\/posts"}],"about":[{"href":"https:\/\/www.mijas.es\/portal\/wp-json\/wp\/v2\/types\/post"}],"author":[{"embeddable":true,"href":"https:\/\/www.mijas.es\/portal\/wp-json\/wp\/v2\/users\/18"}],"replies":[{"embeddable":true,"href":"https:\/\/www.mijas.es\/portal\/wp-json\/wp\/v2\/comments?post=65511"}],"version-history":[{"count":1,"href":"https:\/\/www.mijas.es\/portal\/wp-json\/wp\/v2\/posts\/65511\/revisions"}],"predecessor-version":[{"id":65513,"href":"https:\/\/www.mijas.es\/portal\/wp-json\/wp\/v2\/posts\/65511\/revisions\/65513"}],"wp:featuredmedia":[{"embeddable":true,"href":"https:\/\/www.mijas.es\/portal\/wp-json\/wp\/v2\/media\/65512"}],"wp:attachment":[{"href":"https:\/\/www.mijas.es\/portal\/wp-json\/wp\/v2\/media?parent=65511"}],"wp:term":[{"taxonomy":"category","embeddable":true,"href":"https:\/\/www.mijas.es\/portal\/wp-json\/wp\/v2\/categories?post=65511"},{"taxonomy":"post_tag","embeddable":true,"href":"https:\/\/www.mijas.es\/portal\/wp-json\/wp\/v2\/tags?post=65511"}],"curies":[{"name":"wp","href":"https:\/\/api.w.org\/{rel}","templated":true}]}}