{"id":64338,"date":"2026-04-30T11:03:55","date_gmt":"2026-04-30T10:03:55","guid":{"rendered":"https:\/\/www.mijas.es\/portal\/?p=64338"},"modified":"2026-04-30T11:06:22","modified_gmt":"2026-04-30T10:06:22","slug":"mijas-impulsa-una-innovadora-campana-para-informar-a-las-familias-de-los-riesgos-y-el-uso-adecuado-de-las-pantallas-entre-los-pequenos","status":"publish","type":"post","link":"https:\/\/www.mijas.es\/portal\/mijas-impulsa-una-innovadora-campana-para-informar-a-las-familias-de-los-riesgos-y-el-uso-adecuado-de-las-pantallas-entre-los-pequenos\/","title":{"rendered":"Mijas impulsa una innovadora campa\u00f1a para informar a las familias de los riesgos y el uso adecuado de las pantallas entre los peque\u00f1os"},"content":{"rendered":"\n<ul>\n<li>Junto al Distrito Sanitario Costa del Sol se ha puesto en marcha la iniciativa pionera \u2018Peques sin pantallas\u2019 con la que se busca concienciar sobre el buen uso de los dispositivos m\u00f3viles<\/li>\n<\/ul>\n\n\n\n<p><strong>Mijas, 30 de abril&nbsp; de 2026.-<\/strong> La alcaldesa de Mijas, Ana Mata, y el delegado provincial de Salud de la Junta de Andaluc\u00eda, Carlos Bautista, han presentado esta ma\u00f1ana una campa\u00f1a de concienciaci\u00f3n sobre el uso adecuado de las pantallas entre los menores. La iniciativa cuenta con la colaboraci\u00f3n del&nbsp; Distrito de Atenci\u00f3n Primaria Costa del Sol del Servicio Andaluz de Salud (SAS)&nbsp; y Mijas Comunicaci\u00f3n.<\/p>\n\n\n\n<p>Bajo el nombre \u2018Peques sin pantallas\u2019 se desarrolla esta acci\u00f3n de concienciaci\u00f3n basada en una serie de videos en los que personal sanitario informa de lo perjudicial que es el uso inadecuado de los dispositivos m\u00f3viles entre los m\u00e1s peque\u00f1os. La alcaldesa de Mijas, Ana Mata, y el delegado territorial de Salud de la Junta de Andaluc\u00eda, Carlos Bautista, han presentado hoy la iniciativa junto a pediatras participantes.<\/p>\n\n\n\n<p>\u2018Peques sin pantallas\u2019 consta de una serie de p\u00edldoras informativas que se emitir\u00e1n en Mijas Comunicaci\u00f3n a partir del lunes 4, una por d\u00eda hasta completar la emisi\u00f3n de los diez v\u00eddeos tem\u00e1ticos. El lunes 4 de mayo se lanzar\u00e1 el primer v\u00eddeo relacionado la gesti\u00f3n del aburrimiento; el martes, sobre c\u00f3mo puede afectar el excesivo uso de pantallas en la alimentaci\u00f3n; el d\u00eda 6, sobre el apego; el jueves 7, sobre pantallas y el aprendizaje; y el viernes 8, de las familias como ejemplo a seguir.<\/p>\n\n\n\n<p><strong>Desarrollo cerebral y problemas de visi\u00f3n<\/strong><strong><\/strong><\/p>\n\n\n\n<p>La campa\u00f1a proseguir\u00e1 el lunes 11, con un v\u00eddeo sobre el desarrollo cerebral. El martes 12 los pediatras hablar\u00e1n sobre c\u00f3mo pueden las pantallas influir en la vista en los ni\u00f1os; el mi\u00e9rcoles 13 se hablar\u00e1 del lenguaje; el jueves 14, de la obesidad y, por \u00faltimo, el viernes 15 el material versar\u00e1 sobre la gesti\u00f3n de las rabietas.<\/p>\n\n\n\n<p>Adem\u00e1s del material audiovisual, la campa\u00f1a incluye material impreso que ser\u00e1 distribuido tambi\u00e9n en los centros sanitarios, educativos, sociales y dependencias municipales.<\/p>\n\n\n\n<p>De hecho, esta iniciativa se incluye de manera transversal en el marco de la mesa de trabajo que componen Sanidad, Juventud, Educaci\u00f3n y el Distrito de Atenci\u00f3n Primaria Costa del Sol junto con el Servicio Andaluz de Salud a trav\u00e9s de los Centros de Salud de La Cala y Las Lagunas y la empresa municipal Mijas Comunicaci\u00f3n.<\/p>\n\n\n\n<p>Como actividad complementaria, se realizar\u00e1 una mesa redonda en Mijas Comunicaci\u00f3n en la que varios expertos en la materia tendr\u00e1n la oportunidad de abrir el debate sobre este tema y aumentar la percepci\u00f3n del riesgo que tienen las familias y el resto de la poblaci\u00f3n sobre la exposici\u00f3n a las pantallas de los beb\u00e9s y los ni\u00f1os. La campa\u00f1a se puede ver y descargar en www.mijas.es y en www.mijascomunicacion.com.<\/p>\n\n\n\n<p><strong>Un problema de salud p\u00fablica<\/strong><strong><\/strong><\/p>\n\n\n\n<p>La alcaldesa de Mijas ha recordado en la presentaci\u00f3n de \u2018Peques sin pantallas\u2019 que la Sociedad Espa\u00f1ola de la Adolescencia acaba de emitir un informe con evidencias cient\u00edficas \u201cque demuestran que determinadas exposiciones digitales contribuyen a desenlaces adversos concretos\u201d. En la presentaci\u00f3n han estado tambi\u00e9n ocho pediatras de los tres centros de salud del municipio, as\u00ed como la gerente del distrito sanitario Costa del Sol, Elena Ayll\u00f3n; el director del centro de salud de Las Lagunas, Gregorio Ortega, y Maite Gorrotxategi, t\u00e9cnica de Educaci\u00f3n para la Salud del distrito sanitario.<\/p>\n\n\n\n<p>En este sentido, Mata ha subrayado que todas las sociedades cient\u00edficas espa\u00f1olas especializadas en menores \u00abhan consensuado un documento con un compendio de 70 pruebas que avalan la necesidad de hablar de este tema como de un problema de salud p\u00fablica\u201d. El documento se ha presentado ante la Comisi\u00f3n de Justicia del Congreso que actualmente aborda el proyecto de ley de Protecci\u00f3n a los Menores en los Entornos Digitales.<\/p>\n\n\n\n<p>Por su parte, el delegado territorial de Salud de la Junta de Andaluc\u00eda ha explicado que las pantallas son un aut\u00e9ntico factor de adicci\u00f3n, documentado cient\u00edficamente, y que complica el desarrollo cognitivo de los ni\u00f1os, \u201cque adem\u00e1s dejan de hacer otras actividades beneficiosas como el deporte, la escritura, la pintura o la socializaci\u00f3n con sus semejantes\u201d.<\/p>\n","protected":false},"excerpt":{"rendered":"<p>Mijas, 30 de abril&nbsp; de 2026.- La alcaldesa de Mijas, Ana Mata, y el delegado provincial de Salud de la Junta de Andaluc\u00eda, Carlos Bautista, han presentado esta ma\u00f1ana una campa\u00f1a de concienciaci\u00f3n sobre el uso adecuado de las pantallas entre los menores. La iniciativa cuenta con la colaboraci\u00f3n del&nbsp; Distrito de Atenci\u00f3n Primaria Costa [&hellip;]<\/p>\n","protected":false},"author":18,"featured_media":64342,"comment_status":"closed","ping_status":"open","sticky":false,"template":"","format":"standard","meta":[],"categories":[19],"tags":[],"jetpack_featured_media_url":"https:\/\/www.mijas.es\/wp-content\/uploads\/2026\/04\/a.jpeg","_links":{"self":[{"href":"https:\/\/www.mijas.es\/portal\/wp-json\/wp\/v2\/posts\/64338"}],"collection":[{"href":"https:\/\/www.mijas.es\/portal\/wp-json\/wp\/v2\/posts"}],"about":[{"href":"https:\/\/www.mijas.es\/portal\/wp-json\/wp\/v2\/types\/post"}],"author":[{"embeddable":true,"href":"https:\/\/www.mijas.es\/portal\/wp-json\/wp\/v2\/users\/18"}],"replies":[{"embeddable":true,"href":"https:\/\/www.mijas.es\/portal\/wp-json\/wp\/v2\/comments?post=64338"}],"version-history":[{"count":1,"href":"https:\/\/www.mijas.es\/portal\/wp-json\/wp\/v2\/posts\/64338\/revisions"}],"predecessor-version":[{"id":64340,"href":"https:\/\/www.mijas.es\/portal\/wp-json\/wp\/v2\/posts\/64338\/revisions\/64340"}],"wp:featuredmedia":[{"embeddable":true,"href":"https:\/\/www.mijas.es\/portal\/wp-json\/wp\/v2\/media\/64342"}],"wp:attachment":[{"href":"https:\/\/www.mijas.es\/portal\/wp-json\/wp\/v2\/media?parent=64338"}],"wp:term":[{"taxonomy":"category","embeddable":true,"href":"https:\/\/www.mijas.es\/portal\/wp-json\/wp\/v2\/categories?post=64338"},{"taxonomy":"post_tag","embeddable":true,"href":"https:\/\/www.mijas.es\/portal\/wp-json\/wp\/v2\/tags?post=64338"}],"curies":[{"name":"wp","href":"https:\/\/api.w.org\/{rel}","templated":true}]}}