{"id":64333,"date":"2026-04-29T12:42:21","date_gmt":"2026-04-29T11:42:21","guid":{"rendered":"https:\/\/www.mijas.es\/portal\/?p=64333"},"modified":"2026-04-29T12:42:22","modified_gmt":"2026-04-29T11:42:22","slug":"el-ayuntamiento-de-mijas-intensifica-la-poda-los-desbroces-y-los-clareos-en-la-sierra-antes-de-la-temporada-de-riesgo-alto-de-incendios","status":"publish","type":"post","link":"https:\/\/www.mijas.es\/portal\/el-ayuntamiento-de-mijas-intensifica-la-poda-los-desbroces-y-los-clareos-en-la-sierra-antes-de-la-temporada-de-riesgo-alto-de-incendios\/","title":{"rendered":"El Ayuntamiento de Mijas intensifica la poda, los desbroces y los clareos en la Sierra antes de la temporada de riesgo alto de incendios"},"content":{"rendered":"\n<ul>\n<li>La alcaldesa, Ana Mata, visita la zona del repetidor, donde los operarios trabajan en la conservaci\u00f3n y protecci\u00f3n del paraje<br><\/li>\n\n\n\n<li>Mijas es el \u00fanico municipio de su entorno que destina fondos propios a proteger y mantener la riqueza natural y ambiental<\/li>\n<\/ul>\n\n\n\n<p><strong>Mijas, 29 de abril de 2026.-<\/strong> El Ayuntamiento de Mijas intensifica en estas semanas la poda, los desbroces y los clareos en la Sierra de Mijas antes de la llegada de la temporada de riesgo alto de incendios. Estos trabajos permiten reforzar el mantenimiento, conservaci\u00f3n y protecci\u00f3n del entorno natural despu\u00e9s de un invierno con muchas lluvias y, por tanto, con abundante vegetaci\u00f3n, con el riesgo que ello supone.<\/p>\n\n\n\n<p>La alcaldesa de Mijas, Ana Mata, ha visitado hoy la zona de la carretera del repetidor, una de las \u00e1reas en las que los empleados de EULEN, la empresa adjudicataria del contrato de mantenimiento realizado por el Ayuntamiento, trabajan para proteger la Sierra de Mijas. Llevan a cabo tratamientos silv\u00edcolas, desbroces, rozas, claras y clareos, podas (con eliminaci\u00f3n de especies invasoras), repoblaciones forestales, y conservaci\u00f3n y mantenimiento de las infraestructuras de \u00e1mbito forestal.<\/p>\n\n\n\n<p>Mata ha destacado la importancia de esta iniciativa y ha recordado que Mijas es el \u00fanico municipio que complementa las labores que lleva a cabo la Junta de Andaluc\u00eda, \u201cporque toda ayuda es poca para proteger nuestro gran patrimonio natural\u201d. La alcaldesa, acompa\u00f1ada por el concejal de Medio Ambiente, Marco Cort\u00e9s, ha informado de que el coste de este contrato asciende a 1,2 millones de euros si se cumplen todas las pr\u00f3rrogas previstas (dos a\u00f1os m\u00e1s tres opcionales, hasta 2029).<\/p>\n\n\n\n<p>El objetivo de estas actuaciones es minimizar los riesgos derivados de la proliferaci\u00f3n de vegetaci\u00f3n de cara a la \u00e9poca de altas temperaturas y escasa humedad que trae consigo el verano. Los operarios desarrollar\u00e1n sus labores hasta el 31 de mayo, que es el l\u00edmite establecido por la legislaci\u00f3n auton\u00f3mica para poder operar en el monte. Por tanto, el Ayuntamiento de Mijas afronta ya el \u00faltimo mes antes de retirarse de la Sierra. El plazo autorizado comienza cada 1 de octubre.<\/p>\n\n\n\n<p>La alcaldesa ha destacado que se respetan con m\u00e1xima pulcritud todas las especies protegidas, \u201cy no se cortan ni arrancan ni podan ni da\u00f1an especies incluidas en el Cat\u00e1logo Espa\u00f1ol de Especies Amenazadas, ni en el cat\u00e1logo andaluz, ni ninguna que requiera protecci\u00f3n estricta\u201d.<\/p>\n\n\n\n<p><strong>Ingenieros superiores y t\u00e9cnicos forestales<\/strong><strong><\/strong><\/p>\n\n\n\n<p>El contrato establece que los encargados de los trabajos sean ingenieros superiores e ingenieros t\u00e9cnicos forestales, siempre con m\u00e1s de cinco a\u00f1os de experiencia; acompa\u00f1ados de un capataz forestal con m\u00e1s de cinco a\u00f1os de experiencia titulado como t\u00e9cnico superior en gesti\u00f3n y organizaci\u00f3n de los recursos naturales y paisaj\u00edsticos.<\/p>\n\n\n\n<p>En cuanto a la gesti\u00f3n de residuos vegetales que se generen, el contrato establece que deber\u00e1n ser retirados o eliminados mediante trituraci\u00f3n, astillado o un traslado a punto autorizado a la mayor brevedad posible.<\/p>\n","protected":false},"excerpt":{"rendered":"<p>Mijas, 29 de abril de 2026.- El Ayuntamiento de Mijas intensifica en estas semanas la poda, los desbroces y los clareos en la Sierra de Mijas antes de la llegada de la temporada de riesgo alto de incendios. Estos trabajos permiten reforzar el mantenimiento, conservaci\u00f3n y protecci\u00f3n del entorno natural despu\u00e9s de un invierno con [&hellip;]<\/p>\n","protected":false},"author":18,"featured_media":64334,"comment_status":"closed","ping_status":"open","sticky":false,"template":"","format":"standard","meta":[],"categories":[128],"tags":[300,298,315],"jetpack_featured_media_url":"https:\/\/www.mijas.es\/wp-content\/uploads\/2026\/04\/Desbroce-clareo-y-poda-en-la-Sierra-de-Mijas10.jpeg","_links":{"self":[{"href":"https:\/\/www.mijas.es\/portal\/wp-json\/wp\/v2\/posts\/64333"}],"collection":[{"href":"https:\/\/www.mijas.es\/portal\/wp-json\/wp\/v2\/posts"}],"about":[{"href":"https:\/\/www.mijas.es\/portal\/wp-json\/wp\/v2\/types\/post"}],"author":[{"embeddable":true,"href":"https:\/\/www.mijas.es\/portal\/wp-json\/wp\/v2\/users\/18"}],"replies":[{"embeddable":true,"href":"https:\/\/www.mijas.es\/portal\/wp-json\/wp\/v2\/comments?post=64333"}],"version-history":[{"count":1,"href":"https:\/\/www.mijas.es\/portal\/wp-json\/wp\/v2\/posts\/64333\/revisions"}],"predecessor-version":[{"id":64335,"href":"https:\/\/www.mijas.es\/portal\/wp-json\/wp\/v2\/posts\/64333\/revisions\/64335"}],"wp:featuredmedia":[{"embeddable":true,"href":"https:\/\/www.mijas.es\/portal\/wp-json\/wp\/v2\/media\/64334"}],"wp:attachment":[{"href":"https:\/\/www.mijas.es\/portal\/wp-json\/wp\/v2\/media?parent=64333"}],"wp:term":[{"taxonomy":"category","embeddable":true,"href":"https:\/\/www.mijas.es\/portal\/wp-json\/wp\/v2\/categories?post=64333"},{"taxonomy":"post_tag","embeddable":true,"href":"https:\/\/www.mijas.es\/portal\/wp-json\/wp\/v2\/tags?post=64333"}],"curies":[{"name":"wp","href":"https:\/\/api.w.org\/{rel}","templated":true}]}}