{"id":64296,"date":"2026-04-27T13:12:34","date_gmt":"2026-04-27T12:12:34","guid":{"rendered":"https:\/\/www.mijas.es\/portal\/?p=64296"},"modified":"2026-04-27T13:12:35","modified_gmt":"2026-04-27T12:12:35","slug":"el-ayuntamiento-de-mijas-espetara-mas-de-600-kilos-de-sardinas-coincidiendo-con-la-tradicional-sardinada-del-dia-del-trabajador","status":"publish","type":"post","link":"https:\/\/www.mijas.es\/portal\/el-ayuntamiento-de-mijas-espetara-mas-de-600-kilos-de-sardinas-coincidiendo-con-la-tradicional-sardinada-del-dia-del-trabajador\/","title":{"rendered":"El Ayuntamiento de Mijas espetar\u00e1 m\u00e1s de 600 kilos de sardinas coincidiendo con la tradicional Sardinada del D\u00eda del Trabajador"},"content":{"rendered":"\n<ul>\n<li>Espeteros locales se encargar\u00e1n de preparar el pescado en este evento que ya es toda una tradici\u00f3n en el municipio<\/li>\n<\/ul>\n\n\n\n<p><strong>Mijas, 27 de abril de 2026.-<\/strong> El pr\u00f3ximo 1 de mayo, D\u00eda Internacional de los Trabajadores, la plaza del Torre\u00f3n de La Cala de Mijas ser\u00e1 de nuevo escenario de la tradicional Sardinada, que en esta edici\u00f3n repartir\u00e1 m\u00e1s de 600 kilos entre el p\u00fablico asistente. La cita comenzar\u00e1 a las 12:00 horas.<\/p>\n\n\n\n<p>As\u00ed lo ha anunciado esta ma\u00f1ana la alcaldesa de Mijas, Ana Mata, acompa\u00f1ada de la concejala de Fiestas, Silvia Mar\u00edn, quienes han desgranado los entresijos de esta cita que se puede considerar como historia del municipio. Como es habitual, espeteros locales se encargar\u00e1n de espetar el pescado en la playa del Torre\u00f3n. All\u00ed se instalar\u00e1 una gran carpa y una barra que ser\u00e1 gestionada por la Asociaci\u00f3n de Vecinos del Puerto de los Gatos, cuya representante Ana Mar\u00eda Jim\u00e9nez, secretaria de la entidad, ha asistido hoy a la presentaci\u00f3n.<\/p>\n\n\n\n<p>\u201cEste encuentro es una oportunidad para compartir, para reencontrarnos, para disfrutar de nuestras tradiciones y para mostrar con orgullo lo mejor de nuestra tierra a quienes nos visitan.<\/p>\n\n\n\n<p>La Sardinada es mucho m\u00e1s que gastronom\u00eda. Es cultura, es historia de Mijas y es identidad\u201d, ha explicado la alcaldesa durante la presentaci\u00f3n del evento.<\/p>\n\n\n\n<p>Adem\u00e1s, para que la cita sea una aut\u00e9ntica fiesta, est\u00e1 prevista la actuaci\u00f3n de los grupos Los Zayas y Kalima, todo ello a partir de las 15:30 horas.<\/p>\n","protected":false},"excerpt":{"rendered":"<p>Mijas, 27 de abril de 2026.- El pr\u00f3ximo 1 de mayo, D\u00eda Internacional de los Trabajadores, la plaza del Torre\u00f3n de La Cala de Mijas ser\u00e1 de nuevo escenario de la tradicional Sardinada, que en esta edici\u00f3n repartir\u00e1 m\u00e1s de 600 kilos entre el p\u00fablico asistente. La cita comenzar\u00e1 a las 12:00 horas. As\u00ed lo [&hellip;]<\/p>\n","protected":false},"author":18,"featured_media":64297,"comment_status":"closed","ping_status":"open","sticky":false,"template":"","format":"standard","meta":[],"categories":[19],"tags":[],"jetpack_featured_media_url":"https:\/\/www.mijas.es\/wp-content\/uploads\/2026\/04\/Sardinada-1-scaled.jpg","_links":{"self":[{"href":"https:\/\/www.mijas.es\/portal\/wp-json\/wp\/v2\/posts\/64296"}],"collection":[{"href":"https:\/\/www.mijas.es\/portal\/wp-json\/wp\/v2\/posts"}],"about":[{"href":"https:\/\/www.mijas.es\/portal\/wp-json\/wp\/v2\/types\/post"}],"author":[{"embeddable":true,"href":"https:\/\/www.mijas.es\/portal\/wp-json\/wp\/v2\/users\/18"}],"replies":[{"embeddable":true,"href":"https:\/\/www.mijas.es\/portal\/wp-json\/wp\/v2\/comments?post=64296"}],"version-history":[{"count":1,"href":"https:\/\/www.mijas.es\/portal\/wp-json\/wp\/v2\/posts\/64296\/revisions"}],"predecessor-version":[{"id":64298,"href":"https:\/\/www.mijas.es\/portal\/wp-json\/wp\/v2\/posts\/64296\/revisions\/64298"}],"wp:featuredmedia":[{"embeddable":true,"href":"https:\/\/www.mijas.es\/portal\/wp-json\/wp\/v2\/media\/64297"}],"wp:attachment":[{"href":"https:\/\/www.mijas.es\/portal\/wp-json\/wp\/v2\/media?parent=64296"}],"wp:term":[{"taxonomy":"category","embeddable":true,"href":"https:\/\/www.mijas.es\/portal\/wp-json\/wp\/v2\/categories?post=64296"},{"taxonomy":"post_tag","embeddable":true,"href":"https:\/\/www.mijas.es\/portal\/wp-json\/wp\/v2\/tags?post=64296"}],"curies":[{"name":"wp","href":"https:\/\/api.w.org\/{rel}","templated":true}]}}