{"id":64293,"date":"2026-04-27T12:21:22","date_gmt":"2026-04-27T11:21:22","guid":{"rendered":"https:\/\/www.mijas.es\/portal\/?p=64293"},"modified":"2026-04-27T12:21:24","modified_gmt":"2026-04-27T11:21:24","slug":"mijas-celebra-el-proximo-7-de-mayo-el-primer-almuerzo-solidario-de-la-sede-local-de-la-asociacion-espanola-contra-el-cancer","status":"publish","type":"post","link":"https:\/\/www.mijas.es\/portal\/mijas-celebra-el-proximo-7-de-mayo-el-primer-almuerzo-solidario-de-la-sede-local-de-la-asociacion-espanola-contra-el-cancer\/","title":{"rendered":"Mijas celebra el pr\u00f3ximo 7 de mayo el primer almuerzo solidario de la sede local de la Asociaci\u00f3n Espa\u00f1ola Contra el C\u00e1ncer"},"content":{"rendered":"\n<ul>\n<li>\u00a0 El evento tendr\u00e1 lugar en el restaurante El Torre\u00f3n de La Cala de Mijas y coincidir\u00e1 con la jornada anual del D\u00eda de la Cuestaci\u00f3n<\/li>\n\n\n\n<li> Todos los beneficios se destinar\u00e1n a la investigaci\u00f3n oncol\u00f3gica y a visibilizar el compromiso social frente a la enfermedad\u00a0<\/li>\n<\/ul>\n\n\n\n<p><strong>Mijas, <\/strong><strong>27<\/strong><strong> de <\/strong><strong>abril<\/strong><strong> de 202<\/strong><strong>6<\/strong><strong>.-<\/strong> La sede local de Mijas de la Asociaci\u00f3n Espa\u00f1ola Contra el C\u00e1ncer (AECC) ha presentado hoy el primer Almuerzo Solidario Contra el C\u00e1ncer, que se celebrar\u00e1 el pr\u00f3ximo mi\u00e9rcoles 7 de mayo, a las 14:00 horas, en el Restaurante El Torre\u00f3n, en La Cala.<\/p>\n\n\n\n<p>La alcaldesa de Mijas, Ana Mata, ha acompa\u00f1ado a la presidenta de la sede local de la Asociaci\u00f3n Espa\u00f1ola Contra el C\u00e1ncer en Mijas, Mari Carmen G\u00f3mez Fabra, en la presentaci\u00f3n, realizada en el restaurante El Torre\u00f3n. Ambas han destacado la importancia de este tipo de iniciativas solidarias para impulsar la investigaci\u00f3n oncol\u00f3gica y visibilizar el compromiso social frente al c\u00e1ncer.<\/p>\n\n\n\n<p>El almuerzo solidario se celebrar\u00e1 coincidiendo con el D\u00eda de la Cuestaci\u00f3n, la jornada anual en la que la Asociaci\u00f3n Espa\u00f1ola Contra el C\u00e1ncer sale a la calle con la ayuda de personas voluntarias y huchas solidarias para recaudar fondos destinados a la investigaci\u00f3n contra el c\u00e1ncer, la prevenci\u00f3n y la atenci\u00f3n a pacientes y familiares. En este contexto, el almuerzo se convierte en el acto central de la sede local de Mijas para esta jornada tan se\u00f1alada.<\/p>\n\n\n\n<p><strong>45 euros por cubierto y aforo de 100 comensales<\/strong><\/p>\n\n\n\n<p>El Almuerzo Solidario Contra el C\u00e1ncer tendr\u00e1 un aforo m\u00e1ximo de 100 personas y contar\u00e1 con un men\u00fa completo, cuyo donativo es de 45 euros por persona, que incluye espeto de sardinas, ensalada, fritura mije\u00f1a. paella de marisco, paella de rabo de toro, postres caseros y bebidas incluidas.<\/p>\n\n\n\n<p>La entrada se abonar\u00e1 directamente en el restaurante. Las personas interesadas en asistir pueden realizar su reserva previa contactando con la sede local de la Asociaci\u00f3n Espa\u00f1ola Contra el C\u00e1ncer en Mijas o con el propio establecimiento, hasta completar aforo.<\/p>\n\n\n\n<p>Todos los beneficios recaudados con esta iniciativa se destinar\u00e1n \u00edntegramente a la investigaci\u00f3n oncol\u00f3gica, una de las principales prioridades de la Asociaci\u00f3n, que trabaja con el objetivo de alcanzar una tasa de supervivencia del 70% en c\u00e1ncer para el a\u00f1o 2030.<\/p>\n\n\n\n<p>Ana Mata ha puesto en valor el papel de la Asociaci\u00f3n en el municipio y ha animado a la ciudadan\u00eda a participar en esta jornada solidaria. \u201cMijas es un municipio que se entrega siempre en causas ben\u00e9ficas y en esta ocasi\u00f3n demostrar\u00e1 de nuevo su compromiso con las iniciativas de la Asociaci\u00f3n Espa\u00f1ola Contra el C\u00e1ncer, que son la expresi\u00f3n de la humanidad en el m\u00e1s puro sentido del t\u00e9rmino\u201d.<\/p>\n\n\n\n<p>La alcaldesa ha animado a los mije\u00f1os a participar activamente en el D\u00eda de la Cuestaci\u00f3n y a acudir a este evento solidario en El Torre\u00f3n, y ha reiterado el compromiso del Ayuntamiento de Mijas con la AECC y sus actividades. \u201cLa mejor manera de combatir esta enfermedad es con investigaci\u00f3n, y por eso el objetivo de este almuerzo es tan importante: dotar de recursos a la ciencia para avanzar en la prevenci\u00f3n del c\u00e1ncer. Es un reto social com\u00fan en el que todos debemos estar implicados\u201d, ha dicho.<\/p>\n\n\n\n<p>Por su parte, Mari Carmen G\u00f3mez Fabra ha subrayado el valor de la implicaci\u00f3n ciudadana y del tejido empresarial del municipio: \u201cEl d\u00eda de la Cuestaci\u00f3n es una llamada a la solidaridad de toda la sociedad. Cada gesto cuenta y cada aportaci\u00f3n suma para seguir avanzando en investigaci\u00f3n, prevenci\u00f3n y apoyo a las personas con c\u00e1ncer y a sus familias. Este almuerzo solidario es una forma de unirnos, compartir y demostrar que en Mijas estamos comprometidos con esta causa\u201d.<\/p>\n\n\n\n<p>Asimismo, ha querido agradecer de forma especial la colaboraci\u00f3n del restaurante El Torre\u00f3n, anfitri\u00f3n del evento y colaborador habitual de la Asociaci\u00f3n Espa\u00f1ola Contra el C\u00e1ncer: \u201cEl Torre\u00f3n y sus trabajadores llevan a\u00f1os demostrando su compromiso con nuestra causa, apoyando iniciativas solidarias, colaborando con calendarios ben\u00e9ficos y aportando bonos para eventos de las sedes de Mijas y Benalm\u00e1dena. Sin la implicaci\u00f3n continuada de empresas comprometidas como esta, muchos de nuestros proyectos no ser\u00edan posibles\u201d.<\/p>\n\n\n\n<p>Desde la Asociaci\u00f3n Espa\u00f1ola Contra el C\u00e1ncer recuerdan que iniciativas como este almuerzo solidario forman parte del esp\u00edritu del D\u00eda de la Cuestaci\u00f3n, una jornada que simboliza el compromiso colectivo para que la investigaci\u00f3n siga avanzando y para que ninguna persona con c\u00e1ncer se sienta sola.<\/p>\n","protected":false},"excerpt":{"rendered":"<p>Mijas, 27 de abril de 2026.- La sede local de Mijas de la Asociaci\u00f3n Espa\u00f1ola Contra el C\u00e1ncer (AECC) ha presentado hoy el primer Almuerzo Solidario Contra el C\u00e1ncer, que se celebrar\u00e1 el pr\u00f3ximo mi\u00e9rcoles 7 de mayo, a las 14:00 horas, en el Restaurante El Torre\u00f3n, en La Cala. La alcaldesa de Mijas, Ana [&hellip;]<\/p>\n","protected":false},"author":18,"featured_media":64294,"comment_status":"closed","ping_status":"open","sticky":false,"template":"","format":"standard","meta":[],"categories":[19],"tags":[],"jetpack_featured_media_url":"https:\/\/www.mijas.es\/wp-content\/uploads\/2026\/04\/Almuerzo-solidario-AECC-8-scaled.jpg","_links":{"self":[{"href":"https:\/\/www.mijas.es\/portal\/wp-json\/wp\/v2\/posts\/64293"}],"collection":[{"href":"https:\/\/www.mijas.es\/portal\/wp-json\/wp\/v2\/posts"}],"about":[{"href":"https:\/\/www.mijas.es\/portal\/wp-json\/wp\/v2\/types\/post"}],"author":[{"embeddable":true,"href":"https:\/\/www.mijas.es\/portal\/wp-json\/wp\/v2\/users\/18"}],"replies":[{"embeddable":true,"href":"https:\/\/www.mijas.es\/portal\/wp-json\/wp\/v2\/comments?post=64293"}],"version-history":[{"count":1,"href":"https:\/\/www.mijas.es\/portal\/wp-json\/wp\/v2\/posts\/64293\/revisions"}],"predecessor-version":[{"id":64295,"href":"https:\/\/www.mijas.es\/portal\/wp-json\/wp\/v2\/posts\/64293\/revisions\/64295"}],"wp:featuredmedia":[{"embeddable":true,"href":"https:\/\/www.mijas.es\/portal\/wp-json\/wp\/v2\/media\/64294"}],"wp:attachment":[{"href":"https:\/\/www.mijas.es\/portal\/wp-json\/wp\/v2\/media?parent=64293"}],"wp:term":[{"taxonomy":"category","embeddable":true,"href":"https:\/\/www.mijas.es\/portal\/wp-json\/wp\/v2\/categories?post=64293"},{"taxonomy":"post_tag","embeddable":true,"href":"https:\/\/www.mijas.es\/portal\/wp-json\/wp\/v2\/tags?post=64293"}],"curies":[{"name":"wp","href":"https:\/\/api.w.org\/{rel}","templated":true}]}}