{"id":64290,"date":"2026-04-27T11:59:42","date_gmt":"2026-04-27T10:59:42","guid":{"rendered":"https:\/\/www.mijas.es\/portal\/?p=64290"},"modified":"2026-04-27T11:59:46","modified_gmt":"2026-04-27T10:59:46","slug":"mayores-de-mijas-mejoran-sus-habilidades-tecnicas-a-traves-de-un-taller-de-arteterapia-impulsado-por-el-ayuntamiento-de-mijas","status":"publish","type":"post","link":"https:\/\/www.mijas.es\/portal\/mayores-de-mijas-mejoran-sus-habilidades-tecnicas-a-traves-de-un-taller-de-arteterapia-impulsado-por-el-ayuntamiento-de-mijas\/","title":{"rendered":"Mayores de Mijas mejoran sus habilidades t\u00e9cnicas a trav\u00e9s de un taller de arteterapia impulsado por el Ayuntamiento de Mijas"},"content":{"rendered":"\n<ul>\n<li>La iniciativa, que ha sido visitada hoy por la alcaldesa, Ana Mata, se desarrolla en los centros de participaci\u00f3n activa<\/li>\n<\/ul>\n\n\n\n<p><strong>Mijas, 27 de abril de 2026<\/strong><strong>.-<\/strong> El Ayuntamiento de Mijas, a trav\u00e9s de la Concejal\u00eda de Mayores, pretende impulsar todas las medidas que apoyan un envejecimiento activo, con el objeto de estimular y promover todo tipo de actividades socioculturales, ocupacionales, art\u00edsticas, y recreativas, fomentando la convivencia, la participaci\u00f3n y ocupaci\u00f3n del ocio y tiempo libre de las personas mayores. Por ello, se ha puesto en marcha un taller de arteterapia dirigido a este sector de la poblaci\u00f3n.<\/p>\n\n\n\n<p>La alcaldesa de Mijas, Ana Mata, acompa\u00f1ada de la concejala de Mayores, Silvia Mar\u00edn, ha visitado esta ma\u00f1ana el taller que se celebra en el Centro de Participaci\u00f3n Activa de La Cala. La Arteterapia funciona no s\u00f3lo como momento de ocio, sino para mantener la psicomotricidad, potenciar la atenci\u00f3n y mejorar las habilidades t\u00e9cnicas.<\/p>\n\n\n\n<p>\u201cHoy abrimos una puerta al bienestar, a la expresi\u00f3n y al encuentro. La arteterapia es mucho m\u00e1s que pintar o crear: es una herramienta poderosa para cuidar la mente, fortalecer las emociones y, sobre todo, seguir descubriendo nuevas formas de comunicarnos y sentir\u201d, ha explicado la alcaldesa.<\/p>\n\n\n\n<p>Pero el programa de actividades de Mayores no termina ah\u00ed, pues adem\u00e1s del taller de arteterapia se ha puesto en marcha otro de musicoterapia. La m\u00fasica se utiliza para ayudar a la persona mayor a conseguir una recuperaci\u00f3n, mantenimiento o mejora de algunas de sus funciones, siendo su objetivo funcional.<\/p>\n\n\n\n<p>La actividad se lleva a cabo en los centros de participaci\u00f3n activa del municipio; los lunes en el centro de mayores de La Cala y los mi\u00e9rcoles en horario de ma\u00f1ana (11.00 a 12:30 horas) en el centro de Las Lagunas y por la tarde (de 16:00 a 17:30 horas) en Mijas Pueblo.<\/p>\n","protected":false},"excerpt":{"rendered":"<p>Mijas, 27 de abril de 2026.- El Ayuntamiento de Mijas, a trav\u00e9s de la Concejal\u00eda de Mayores, pretende impulsar todas las medidas que apoyan un envejecimiento activo, con el objeto de estimular y promover todo tipo de actividades socioculturales, ocupacionales, art\u00edsticas, y recreativas, fomentando la convivencia, la participaci\u00f3n y ocupaci\u00f3n del ocio y tiempo libre [&hellip;]<\/p>\n","protected":false},"author":18,"featured_media":64291,"comment_status":"closed","ping_status":"open","sticky":false,"template":"","format":"standard","meta":[],"categories":[19],"tags":[],"jetpack_featured_media_url":"https:\/\/www.mijas.es\/wp-content\/uploads\/2026\/04\/Arteterapia-1-scaled.jpg","_links":{"self":[{"href":"https:\/\/www.mijas.es\/portal\/wp-json\/wp\/v2\/posts\/64290"}],"collection":[{"href":"https:\/\/www.mijas.es\/portal\/wp-json\/wp\/v2\/posts"}],"about":[{"href":"https:\/\/www.mijas.es\/portal\/wp-json\/wp\/v2\/types\/post"}],"author":[{"embeddable":true,"href":"https:\/\/www.mijas.es\/portal\/wp-json\/wp\/v2\/users\/18"}],"replies":[{"embeddable":true,"href":"https:\/\/www.mijas.es\/portal\/wp-json\/wp\/v2\/comments?post=64290"}],"version-history":[{"count":1,"href":"https:\/\/www.mijas.es\/portal\/wp-json\/wp\/v2\/posts\/64290\/revisions"}],"predecessor-version":[{"id":64292,"href":"https:\/\/www.mijas.es\/portal\/wp-json\/wp\/v2\/posts\/64290\/revisions\/64292"}],"wp:featuredmedia":[{"embeddable":true,"href":"https:\/\/www.mijas.es\/portal\/wp-json\/wp\/v2\/media\/64291"}],"wp:attachment":[{"href":"https:\/\/www.mijas.es\/portal\/wp-json\/wp\/v2\/media?parent=64290"}],"wp:term":[{"taxonomy":"category","embeddable":true,"href":"https:\/\/www.mijas.es\/portal\/wp-json\/wp\/v2\/categories?post=64290"},{"taxonomy":"post_tag","embeddable":true,"href":"https:\/\/www.mijas.es\/portal\/wp-json\/wp\/v2\/tags?post=64290"}],"curies":[{"name":"wp","href":"https:\/\/api.w.org\/{rel}","templated":true}]}}