{"id":64287,"date":"2026-04-27T10:42:22","date_gmt":"2026-04-27T09:42:22","guid":{"rendered":"https:\/\/www.mijas.es\/portal\/?p=64287"},"modified":"2026-04-27T10:42:24","modified_gmt":"2026-04-27T09:42:24","slug":"mancomunidad-y-urbaser-presentan-tres-nuevos-camiones-de-ultima-generacion-para-la-recogida-selectiva-de-residuos-en-mijas","status":"publish","type":"post","link":"https:\/\/www.mijas.es\/portal\/mancomunidad-y-urbaser-presentan-tres-nuevos-camiones-de-ultima-generacion-para-la-recogida-selectiva-de-residuos-en-mijas\/","title":{"rendered":"Mancomunidad y Urbaser presentan tres nuevos camiones de \u00faltima generaci\u00f3n para la recogida selectiva de residuos en Mijas"},"content":{"rendered":"\n<ul>\n<li>Estos veh\u00edculos disponen de sistemas que reducen las emisiones contaminantes y el nivel sonoro durante el servicio<\/li>\n<\/ul>\n\n\n\n<p><strong>Mijas, <\/strong><strong>27<\/strong><strong> de <\/strong><strong>abril<\/strong><strong> de 2026.-<\/strong> La Mancomunidad de Municipios de la Costa del Sol Occidental y Urbaser han presentado oficialmente tres nuevos camiones recolectores que se incorporan al servicio de recogida selectiva de papel-cart\u00f3n y envases, en el marco del nuevo contrato adjudicado a la compa\u00f1\u00eda. Estos veh\u00edculos suponen un importante avance en eficiencia, sostenibilidad ambiental y mejora del servicio p\u00fablico del servicio de recogida en toda la Costa del Sol.<\/p>\n\n\n\n<p>Los nuevos camiones son recolectores de carga lateral con caja compactadora y est\u00e1n especialmente dise\u00f1ados para operar en entornos urbanos, combinando altas prestaciones t\u00e9cnicas con un notable compromiso medioambiental.<\/p>\n\n\n\n<p>Entre sus principales caracter\u00edsticas destaca el sistema de motorizaci\u00f3n dualizada e h\u00edbrida di\u00e9sel\u2013GLP, que permite reducir de forma significativa las emisiones contaminantes. Estos veh\u00edculos tambi\u00e9n disminuyen el nivel sonoro durante el servicio, un aspecto especialmente relevante en n\u00facleos urbanos.<\/p>\n\n\n\n<p>Los camiones disponen de un sistema permite la recogida automatizada de contenedores de hasta 3.200 litros, optimizando los tiempos de trabajo y mejorando la seguridad operativa. La carga \u00fatil alcanza los 18.762 kg, con una masa m\u00e1xima autorizada de 26.000 kg, ofreciendo una elevada capacidad operativa para los servicios de recogida selectiva.<\/p>\n\n\n\n<p>Durante la presentaci\u00f3n, responsables de Urbaser y de la Mancomunidad destacaron que la incorporaci\u00f3n de estos tres nuevos camiones se producir\u00e1 esta misma tarde.<\/p>\n\n\n\n<p>\u201cEsta apuesta viene a reforzar el compromiso conjunto con la modernizaci\u00f3n del servicio de recogida selectiva, la protecci\u00f3n del medio ambiente y la mejora de la calidad de vida de la ciudadan\u00eda\u201d, ha explicado la alcaldesa, Ana Mata, durante la presentaci\u00f3n en la que ha estado acompa\u00f1ada por el presidente de la Mancomunidad, Manuel Carde\u00f1a, y el edil de Limpieza, Eloy Belmonte.<\/p>\n\n\n\n<p>As\u00ed, Eloy Belmonte ha se\u00f1alado que \u201cla llegada de estos camiones era muy necesaria, ya que en los \u00faltimos meses se hab\u00edan implantado contenedores de carga lateral sin contar a\u00fan con los medios adecuados para su recogida, lo que dificultaba el servicio en determinadas zonas\u201d. En este sentido, ha explicado que \u201ca partir de ahora no solo se mejora la capacidad operativa, sino que adem\u00e1s, con el nuevo contrato de la Mancomunidad, se incrementar\u00e1n las frecuencias de recogida, algo que se va a notar especialmente en los n\u00facleos urbanos y tambi\u00e9n en diseminado\u201d.<\/p>\n\n\n\n<p>&nbsp;Asimismo, ha destacado que \u201cestos veh\u00edculos incorporan sistemas de pesaje que permitir\u00e1n conocer mejor los h\u00e1bitos de reciclaje por zonas, ajustar las rutas y reforzar el servicio donde sea necesario\u201d. Por \u00faltimo, ha incidido en la importancia de la implicaci\u00f3n vecinal, subrayando que \u201cla mejora del servicio tambi\u00e9n depende del uso correcto de los contenedores, especialmente en el caso del cart\u00f3n, que debe depositarse plegado para aprovechar al m\u00e1ximo la capacidad disponible\u201d.<\/p>\n\n\n\n<p>Por su parte, Carde\u00f1a ha destacado los altos \u00edndices de reciclaje que se recogen en Mijas, de hecho se ha registrado un aumento del 14%. \u201cEsto es gracias a la colaboraci\u00f3n de la ciudadan\u00eda y a los sistemas implantados por el Ayuntamiento y la Mancomunidad, comop esta nueva flota de camiones que conlleva una reducci\u00f3n de la huella de carbono en la Costa del Sol\u201d, ha informado.<\/p>\n\n\n\n<p>Con esta nueva flota, Urbaser contin\u00faa apostando por la innovaci\u00f3n tecnol\u00f3gica y la sostenibilidad como pilares fundamentales en la gesti\u00f3n de residuos, aline\u00e1ndose con los objetivos europeos de econom\u00eda circular y reducci\u00f3n de emisiones.<\/p>\n","protected":false},"excerpt":{"rendered":"<p>Mijas, 27 de abril de 2026.- La Mancomunidad de Municipios de la Costa del Sol Occidental y Urbaser han presentado oficialmente tres nuevos camiones recolectores que se incorporan al servicio de recogida selectiva de papel-cart\u00f3n y envases, en el marco del nuevo contrato adjudicado a la compa\u00f1\u00eda. Estos veh\u00edculos suponen un importante avance en eficiencia, [&hellip;]<\/p>\n","protected":false},"author":18,"featured_media":64288,"comment_status":"closed","ping_status":"open","sticky":false,"template":"","format":"standard","meta":[],"categories":[19],"tags":[],"jetpack_featured_media_url":"https:\/\/www.mijas.es\/wp-content\/uploads\/2026\/04\/Nuevos-camiones-1-scaled.jpg","_links":{"self":[{"href":"https:\/\/www.mijas.es\/portal\/wp-json\/wp\/v2\/posts\/64287"}],"collection":[{"href":"https:\/\/www.mijas.es\/portal\/wp-json\/wp\/v2\/posts"}],"about":[{"href":"https:\/\/www.mijas.es\/portal\/wp-json\/wp\/v2\/types\/post"}],"author":[{"embeddable":true,"href":"https:\/\/www.mijas.es\/portal\/wp-json\/wp\/v2\/users\/18"}],"replies":[{"embeddable":true,"href":"https:\/\/www.mijas.es\/portal\/wp-json\/wp\/v2\/comments?post=64287"}],"version-history":[{"count":1,"href":"https:\/\/www.mijas.es\/portal\/wp-json\/wp\/v2\/posts\/64287\/revisions"}],"predecessor-version":[{"id":64289,"href":"https:\/\/www.mijas.es\/portal\/wp-json\/wp\/v2\/posts\/64287\/revisions\/64289"}],"wp:featuredmedia":[{"embeddable":true,"href":"https:\/\/www.mijas.es\/portal\/wp-json\/wp\/v2\/media\/64288"}],"wp:attachment":[{"href":"https:\/\/www.mijas.es\/portal\/wp-json\/wp\/v2\/media?parent=64287"}],"wp:term":[{"taxonomy":"category","embeddable":true,"href":"https:\/\/www.mijas.es\/portal\/wp-json\/wp\/v2\/categories?post=64287"},{"taxonomy":"post_tag","embeddable":true,"href":"https:\/\/www.mijas.es\/portal\/wp-json\/wp\/v2\/tags?post=64287"}],"curies":[{"name":"wp","href":"https:\/\/api.w.org\/{rel}","templated":true}]}}