{"id":6329,"date":"2017-07-11T06:07:06","date_gmt":"2017-07-11T06:07:06","guid":{"rendered":"http:\/\/localhost\/pruebaweb\/?p=6329"},"modified":"2017-07-11T06:07:06","modified_gmt":"2017-07-11T06:07:06","slug":"mijas-recibe-un-millon-de-euros-del-plan-de-inversiones-financieramente-sostenibles","status":"publish","type":"post","link":"https:\/\/www.mijas.es\/portal\/mijas-recibe-un-millon-de-euros-del-plan-de-inversiones-financieramente-sostenibles\/","title":{"rendered":"Mijas recibe un mill&oacute;n de euros del Plan de Inversiones Financieramente Sostenibles"},"content":{"rendered":"<p>\n\tEl alcalde de Mijas, Juan Carlos Maldonado (Cs) y los ediles de Infraestructuras y Hacienda, Jos\u00e9 Carlos Mart\u00edn (Cs) y Mari Carmen Gonz\u00e1lez (PSOE), respectivamente, han asistido esta ma\u00f1ana a la Diputaci\u00f3n de M\u00e1laga para conocer de primera mano la cuant\u00eda que le corresponde al municipio del &#8216;Plan de Inversiones Financieramente Sostenibles&#8217; puesto en marcha por dicha instituci\u00f3n<\/p>\n<p>\n\t&nbsp;<\/p>\n<p><\/p>\n<p>\n\t<strong>Mijas, 10 de julio de 2017.-<\/strong>El alcalde de Mijas, Juan Carlos Maldonado (Cs) y los ediles de Infraestructuras y Hacienda, Jos\u00e9 Carlos Mart\u00edn (Cs) y Mari Carmen Gonz\u00e1lez (PSOE), respectivamente, han asistido esta ma\u00f1ana a la Diputaci\u00f3n de M\u00e1laga para conocer de primera mano la cuant\u00eda que le corresponde al municipio del &#8216;Plan de Inversiones Financieramente Sostenibles&#8217; puesto en marcha por dicha instituci\u00f3n. As\u00ed pues, para la localidad est\u00e1 destinado aproximadamente un mill\u00f3n de euros que se repartir\u00e1 en dos proyectos a perfilar por el Consistorio en las pr\u00f3ximas semanas.<\/p>\n<p>\n\t&nbsp;<\/p>\n<p>\n\t\u00abSiempre es bueno el di\u00e1logo entre administraciones. Este equipo de gobierno exige lo que es justo para el municipio y necesitamos nutrirnos unas instituciones de otras por el bien de los vecinos. En Mijas no tenemos ning\u00fan tipo de rubor por llamar a las puertas que tengamos que llamar si es por el bien de la ciudadan\u00eda\u00bb, se\u00f1ala Maldonado.<\/p>\n<p>\n\t&nbsp;<\/p>\n<p>\n\tDurante este ejercicio se est\u00e1n ejecutando las obras de las calles Benaoj\u00e1n y Antequera en La Cala y el colector de pluviales de la calle Virgen de la Paz en Las Lagunas bajo el paraguas financiero de este plan de inversiones puesto en marcha en la provincia.<\/p>\n","protected":false},"excerpt":{"rendered":"<p>El alcalde de Mijas, Juan Carlos Maldonado (Cs) y los ediles de Infraestructuras y Hacienda, Jos\u00e9 Carlos Mart\u00edn (Cs) y Mari Carmen Gonz\u00e1lez (PSOE), respectivamente, han asistido esta ma\u00f1ana a la Diputaci\u00f3n de M\u00e1laga para conocer de primera mano la cuant\u00eda que le corresponde al municipio del &#8216;Plan de Inversiones Financieramente Sostenibles&#8217; puesto en marcha [&hellip;]<\/p>\n","protected":false},"author":1,"featured_media":9234,"comment_status":"closed","ping_status":"open","sticky":false,"template":"","format":"standard","meta":[],"categories":[19],"tags":[],"jetpack_featured_media_url":"https:\/\/www.mijas.es\/wp-content\/uploads\/2017\/07\/Image6329.jpg","_links":{"self":[{"href":"https:\/\/www.mijas.es\/portal\/wp-json\/wp\/v2\/posts\/6329"}],"collection":[{"href":"https:\/\/www.mijas.es\/portal\/wp-json\/wp\/v2\/posts"}],"about":[{"href":"https:\/\/www.mijas.es\/portal\/wp-json\/wp\/v2\/types\/post"}],"author":[{"embeddable":true,"href":"https:\/\/www.mijas.es\/portal\/wp-json\/wp\/v2\/users\/1"}],"replies":[{"embeddable":true,"href":"https:\/\/www.mijas.es\/portal\/wp-json\/wp\/v2\/comments?post=6329"}],"version-history":[{"count":0,"href":"https:\/\/www.mijas.es\/portal\/wp-json\/wp\/v2\/posts\/6329\/revisions"}],"wp:featuredmedia":[{"embeddable":true,"href":"https:\/\/www.mijas.es\/portal\/wp-json\/wp\/v2\/media\/9234"}],"wp:attachment":[{"href":"https:\/\/www.mijas.es\/portal\/wp-json\/wp\/v2\/media?parent=6329"}],"wp:term":[{"taxonomy":"category","embeddable":true,"href":"https:\/\/www.mijas.es\/portal\/wp-json\/wp\/v2\/categories?post=6329"},{"taxonomy":"post_tag","embeddable":true,"href":"https:\/\/www.mijas.es\/portal\/wp-json\/wp\/v2\/tags?post=6329"}],"curies":[{"name":"wp","href":"https:\/\/api.w.org\/{rel}","templated":true}]}}