{"id":62919,"date":"2025-11-26T15:38:58","date_gmt":"2025-11-26T14:38:58","guid":{"rendered":"https:\/\/www.mijas.es\/portal\/?p=62919"},"modified":"2025-11-26T15:39:00","modified_gmt":"2025-11-26T14:39:00","slug":"el-ayuntamiento-de-mijas-aprueba-ponerle-el-nombre-de-la-nadadora-local-duane-da-rocha-marce-a-la-piscina-cubierta-de-la-cala","status":"publish","type":"post","link":"https:\/\/www.mijas.es\/portal\/el-ayuntamiento-de-mijas-aprueba-ponerle-el-nombre-de-la-nadadora-local-duane-da-rocha-marce-a-la-piscina-cubierta-de-la-cala\/","title":{"rendered":"El Ayuntamiento de Mijas aprueba ponerle el nombre de la nadadora local Duane da Rocha Marc\u00e9 a la piscina cubierta de La Cala"},"content":{"rendered":"\n<ul>\n<li>El Pleno municipal valida una moci\u00f3n para exigir al Gobierno de Espa\u00f1a que frene la subida prevista de cuota a los aut\u00f3nomos por \u201cinjusta, desproporcionada y perjudicial para la econom\u00eda\u201d<br><\/li>\n\n\n\n<li>Luz verde al convenio con el Consorcio Metropolitano de Transporte del \u00c1rea de M\u00e1laga para financiar la l\u00ednea M-114 desde Mijas a la ampliaci\u00f3n del campus de la UMA en Teatinos<\/li>\n<\/ul>\n\n\n\n<p><strong>Mijas, 26 de noviembre de 2025.-<\/strong> El Ayuntamiento de Mijas ha aprobado hoy, en el Pleno ordinario de noviembre, ponerle el nombre de la nadadora mije\u00f1a Duane da Rocha a la piscina cubierta de La Cala. La propuesta, hecha por la Delegaci\u00f3n de Deportes, ha salido adelante con los votos favorables de todos los grupos pol\u00edticos representados.<\/p>\n\n\n\n<p>La nadadora Duane da Rocha naci\u00f3 en Brasilia (Brasil) pero se traslad\u00f3 con sus padres a Mijas a muy temprana edad. El mayor logro de su palmar\u00e9s es el Campeonato de Europa de Berl\u00edn de 2014 en la prueba de 200 espalda, su especialidad. Tambi\u00e9n fue ol\u00edmpica en dos citas (Londres 2012, donde disput\u00f3 las semifinales de 200 espalda) y R\u00edo 2016.<\/p>\n\n\n\n<p>Adem\u00e1s, tiene en su haber m\u00e1s de sesenta t\u00edtulos nacionales y bati\u00f3 los r\u00e9cords de Espa\u00f1a de 200 espalda y 100 espalda. La concejal delegada de Deportes, Mar\u00eda Francisca Alarc\u00f3n, ha motivado la propuesta refrendada por el Pleno en los \u00e9xitos internacionales de la deportista y en que siempre ha llevado el nombre de Mijas por bandera.<\/p>\n\n\n\n<p><strong>Bonificaciones y apoyo fiscal a los j\u00f3venes<\/strong><strong><\/strong><\/p>\n\n\n\n<p>Por otra parte, el Pleno ha validado una moci\u00f3n del grupo del PP en la que se insta al Gobierno de Espa\u00f1a a frenar la subida de cuotas a los trabajadores aut\u00f3nomos prevista para el periodo 2026-2028. Esta propuesta ha salido adelante con el apoyo un\u00e1nime de toda la corporaci\u00f3n.<\/p>\n\n\n\n<p>La moci\u00f3n recoge que la situaci\u00f3n es \u201cespecialmente grave\u201d en Mijas, \u201cdonde el tejido productivo est\u00e1 sustentado en una parte importante por casi 9.000 mije\u00f1os afiliados a la Seguridad Social en r\u00e9gimen de aut\u00f3nomos que representan un pilar esencial del empleo en sectores como el turismo, la hosteler\u00eda, el comercio, la construcci\u00f3n y los servicios profesionales\u201d.<\/p>\n\n\n\n<p>En este sentido, los acuerdos contenidos en la moci\u00f3n aprobada se centran en mostrar el rechazo del Ayuntamiento de Mijas a la subida de las cuotas previstas \u201cpor injustas, desproporcionadas y perjudiciales para la econom\u00eda provincial\u201d; o en solicitar que se mantengan o reduzcan las cuotas m\u00ednimas a los tramos con menores ingresos y que se adopten bonificaciones y apoyo fiscal a los j\u00f3venes, mujeres, trabajadores del \u00e1mbito rural y nuevos empleados por cuenta propia.<\/p>\n\n\n\n<p><strong>Manifiesto en apoyo del 25N<\/strong><strong><\/strong><\/p>\n\n\n\n<p>El Pleno tambi\u00e9n ha aprobado la propuesta del \u00e1rea de Familias e Igualdad de Oportunidades relativa al D\u00eda Internacional para la Eliminaci\u00f3n de la Violencia contra las Mujeres, una conmemoraci\u00f3n que tuvo lugar ayer, 25 de noviembre, y que cont\u00f3 con la lectura de un manifiesto a cargo de la alcaldesa, Ana Mata, en Las Lagunas. El texto ha sido aprobado con los votos a favor de los grupos del PP, CS, PMP y el PSOE, y con el voto en contra de VOX.<\/p>\n\n\n\n<p>Por otro lado, el Pleno ha dado luz verde a la aprobaci\u00f3n del convenio de colaboraci\u00f3n entre el Consorcio de Transporte Metropolitano del \u00c1rea de M\u00e1laga y el Ayuntamiento de Mijas para la financiaci\u00f3n de la l\u00ednea M-114 vespertina (Mijas-Ampliaci\u00f3n del campus universitario de Teatinos) para los ejercicios 2025 y 2026. Esta moci\u00f3n ha recibido los votos favorables del equipo de gobierno y ha contado con la abstenci\u00f3n de PSOE y CS.<\/p>\n","protected":false},"excerpt":{"rendered":"<p>Mijas, 26 de noviembre de 2025.- El Ayuntamiento de Mijas ha aprobado hoy, en el Pleno ordinario de noviembre, ponerle el nombre de la nadadora mije\u00f1a Duane da Rocha a la piscina cubierta de La Cala. La propuesta, hecha por la Delegaci\u00f3n de Deportes, ha salido adelante con los votos favorables de todos los grupos [&hellip;]<\/p>\n","protected":false},"author":18,"featured_media":62920,"comment_status":"closed","ping_status":"open","sticky":false,"template":"","format":"standard","meta":[],"categories":[19],"tags":[300,298],"jetpack_featured_media_url":"https:\/\/www.mijas.es\/wp-content\/uploads\/2025\/11\/Pleno-ordinario-noviembre-2025.jpg","_links":{"self":[{"href":"https:\/\/www.mijas.es\/portal\/wp-json\/wp\/v2\/posts\/62919"}],"collection":[{"href":"https:\/\/www.mijas.es\/portal\/wp-json\/wp\/v2\/posts"}],"about":[{"href":"https:\/\/www.mijas.es\/portal\/wp-json\/wp\/v2\/types\/post"}],"author":[{"embeddable":true,"href":"https:\/\/www.mijas.es\/portal\/wp-json\/wp\/v2\/users\/18"}],"replies":[{"embeddable":true,"href":"https:\/\/www.mijas.es\/portal\/wp-json\/wp\/v2\/comments?post=62919"}],"version-history":[{"count":2,"href":"https:\/\/www.mijas.es\/portal\/wp-json\/wp\/v2\/posts\/62919\/revisions"}],"predecessor-version":[{"id":62922,"href":"https:\/\/www.mijas.es\/portal\/wp-json\/wp\/v2\/posts\/62919\/revisions\/62922"}],"wp:featuredmedia":[{"embeddable":true,"href":"https:\/\/www.mijas.es\/portal\/wp-json\/wp\/v2\/media\/62920"}],"wp:attachment":[{"href":"https:\/\/www.mijas.es\/portal\/wp-json\/wp\/v2\/media?parent=62919"}],"wp:term":[{"taxonomy":"category","embeddable":true,"href":"https:\/\/www.mijas.es\/portal\/wp-json\/wp\/v2\/categories?post=62919"},{"taxonomy":"post_tag","embeddable":true,"href":"https:\/\/www.mijas.es\/portal\/wp-json\/wp\/v2\/tags?post=62919"}],"curies":[{"name":"wp","href":"https:\/\/api.w.org\/{rel}","templated":true}]}}