{"id":61434,"date":"2025-05-29T12:02:21","date_gmt":"2025-05-29T11:02:21","guid":{"rendered":"https:\/\/www.mijas.es\/portal\/?p=61434"},"modified":"2025-06-09T11:31:28","modified_gmt":"2025-06-09T10:31:28","slug":"horario-de-verano-del-cementerio-municipal","status":"publish","type":"post","link":"https:\/\/www.mijas.es\/portal\/horario-de-verano-del-cementerio-municipal\/","title":{"rendered":"Nuevos horarios del cementerio municipal"},"content":{"rendered":"\n<p>Mijas, 29 de mayo de 2025.- El \u00e1rea de Cementerios del Ayuntamiento de Mijas informa de los nuevos horarios del camposanto mije\u00f1o por la llegada de la temporada estival.<\/p>\n\n\n\n<p>As\u00ed, del 1 de junio al 30 de septiembre el horario de apertura ser\u00e1 de 9:00 a 14:00 horas y de 18:00 a 20:00 horas de lunes a domingo. <\/p>\n\n\n\n<p>A partir del 1 de octubre y hasta el 31 de mayo el horario ser\u00e1 de 9:00 a 18:00 horas de forma continuada, tambi\u00e9n de lunes a domingo.<\/p>\n","protected":false},"excerpt":{"rendered":"<p>Mijas, 29 de mayo de 2025.- El \u00e1rea de Cementerios del Ayuntamiento de Mijas informa de los nuevos horarios del camposanto mije\u00f1o por la llegada de la temporada estival. As\u00ed, del 1 de junio al 30 de septiembre el horario de apertura ser\u00e1 de 9:00 a 14:00 horas y de 18:00 a 20:00 horas de [&hellip;]<\/p>\n","protected":false},"author":1,"featured_media":31179,"comment_status":"closed","ping_status":"open","sticky":false,"template":"","format":"standard","meta":[],"categories":[122,19],"tags":[],"jetpack_featured_media_url":"https:\/\/www.mijas.es\/wp-content\/uploads\/2020\/05\/Cementerio-MP.png","_links":{"self":[{"href":"https:\/\/www.mijas.es\/portal\/wp-json\/wp\/v2\/posts\/61434"}],"collection":[{"href":"https:\/\/www.mijas.es\/portal\/wp-json\/wp\/v2\/posts"}],"about":[{"href":"https:\/\/www.mijas.es\/portal\/wp-json\/wp\/v2\/types\/post"}],"author":[{"embeddable":true,"href":"https:\/\/www.mijas.es\/portal\/wp-json\/wp\/v2\/users\/1"}],"replies":[{"embeddable":true,"href":"https:\/\/www.mijas.es\/portal\/wp-json\/wp\/v2\/comments?post=61434"}],"version-history":[{"count":2,"href":"https:\/\/www.mijas.es\/portal\/wp-json\/wp\/v2\/posts\/61434\/revisions"}],"predecessor-version":[{"id":61436,"href":"https:\/\/www.mijas.es\/portal\/wp-json\/wp\/v2\/posts\/61434\/revisions\/61436"}],"wp:featuredmedia":[{"embeddable":true,"href":"https:\/\/www.mijas.es\/portal\/wp-json\/wp\/v2\/media\/31179"}],"wp:attachment":[{"href":"https:\/\/www.mijas.es\/portal\/wp-json\/wp\/v2\/media?parent=61434"}],"wp:term":[{"taxonomy":"category","embeddable":true,"href":"https:\/\/www.mijas.es\/portal\/wp-json\/wp\/v2\/categories?post=61434"},{"taxonomy":"post_tag","embeddable":true,"href":"https:\/\/www.mijas.es\/portal\/wp-json\/wp\/v2\/tags?post=61434"}],"curies":[{"name":"wp","href":"https:\/\/api.w.org\/{rel}","templated":true}]}}