{"id":61149,"date":"2025-05-05T12:05:14","date_gmt":"2025-05-05T11:05:14","guid":{"rendered":"https:\/\/www.mijas.es\/portal\/?p=61149"},"modified":"2025-05-05T12:06:18","modified_gmt":"2025-05-05T11:06:18","slug":"mijas-lidera-en-abril-la-ocupacion-hotelera-con-un-8290","status":"publish","type":"post","link":"https:\/\/www.mijas.es\/portal\/mijas-lidera-en-abril-la-ocupacion-hotelera-con-un-8290\/","title":{"rendered":"Mijas lidera en abril la ocupaci\u00f3n hotelera con un 82,90%"},"content":{"rendered":"\n<ul>\n<li>Los datos representan un incremento del 8,33% con respecto al mismo mes del a\u00f1o anterior<\/li>\n\n\n\n<li>Las previsiones para el mes de mayo estiman que la ocupaci\u00f3n estar\u00eda por encima del 80%<\/li>\n<\/ul>\n\n\n\n<p><strong>Mijas, 5 de mayo de 2025.-<\/strong> Los datos de ocupaci\u00f3n proporcionados por la Asociaci\u00f3n de Empresarios Hoteleros de la Costa del Sol (AEHCOS) del mes de abril sit\u00faan a Mijas a la cabeza de la provincia de M\u00e1laga, con un registro del 82,90%, es decir, un 8,33% m\u00e1s con respecto al mismo mes del a\u00f1o pasado.<\/p>\n\n\n\n<p>Y es que el mes abril del a\u00f1o pasado se registr\u00f3 una ocupaci\u00f3n del 74,57%, de ah\u00ed que la alcaldesa del municipio, Ana Mata, haya valorado de manera muy positiva estos datos: \u201cEl posicionamiento tur\u00edstico de Mijas es innegable y, mes a mes, las cifras as\u00ed lo demuestran. Somos un destino muy completo que nos hace \u00fanicos y, adem\u00e1s, la marca Mijas es sin\u00f3nimo de calidad y de experiencias \u00fanicas. Aprovecho para felicitar a todos los profesionales del sector por su excelente desempe\u00f1o que hace posible que hoy podamos hablar de Mijas como destino l\u00edder\u201d, ha explicado la regidora.<\/p>\n\n\n\n<p>Por su parte, Juan Miguel Marcos, vicepresidente de AEHCOS en Mijas tambi\u00e9n ha querido destacar las previsiones que desde la patronal hotelera manejan para el mes de mayo. \u201cLa previsi\u00f3n es que en el mes que acabamos de iniciar Mijas alcance una ocupaci\u00f3n del 81,28%, mientras que las previsiones para junio volver\u00edan a situar a la localidad como l\u00edder con una tasa del 91,25%\u201d, ha afirmado.<\/p>\n\n\n\n<p>En cuanto a las Oficinas de Turismo situadas en Mijas Pueblo y en La Cala a lo largo del mes de abril solicitaron informaci\u00f3n 14.570 personas, destacando los de procedencia espa\u00f1ola, brit\u00e1nica, franceses y alemanes.<\/p>\n","protected":false},"excerpt":{"rendered":"<p>Mijas, 5 de mayo de 2025.- Los datos de ocupaci\u00f3n proporcionados por la Asociaci\u00f3n de Empresarios Hoteleros de la Costa del Sol (AEHCOS) del mes de abril sit\u00faan a Mijas a la cabeza de la provincia de M\u00e1laga, con un registro del 82,90%, es decir, un 8,33% m\u00e1s con respecto al mismo mes del a\u00f1o [&hellip;]<\/p>\n","protected":false},"author":1,"featured_media":61150,"comment_status":"closed","ping_status":"open","sticky":false,"template":"","format":"standard","meta":[],"categories":[22,122,19,72],"tags":[],"jetpack_featured_media_url":"https:\/\/www.mijas.es\/wp-content\/uploads\/2025\/05\/Turismo-Mijas-pueblo-6.jpg","_links":{"self":[{"href":"https:\/\/www.mijas.es\/portal\/wp-json\/wp\/v2\/posts\/61149"}],"collection":[{"href":"https:\/\/www.mijas.es\/portal\/wp-json\/wp\/v2\/posts"}],"about":[{"href":"https:\/\/www.mijas.es\/portal\/wp-json\/wp\/v2\/types\/post"}],"author":[{"embeddable":true,"href":"https:\/\/www.mijas.es\/portal\/wp-json\/wp\/v2\/users\/1"}],"replies":[{"embeddable":true,"href":"https:\/\/www.mijas.es\/portal\/wp-json\/wp\/v2\/comments?post=61149"}],"version-history":[{"count":1,"href":"https:\/\/www.mijas.es\/portal\/wp-json\/wp\/v2\/posts\/61149\/revisions"}],"predecessor-version":[{"id":61151,"href":"https:\/\/www.mijas.es\/portal\/wp-json\/wp\/v2\/posts\/61149\/revisions\/61151"}],"wp:featuredmedia":[{"embeddable":true,"href":"https:\/\/www.mijas.es\/portal\/wp-json\/wp\/v2\/media\/61150"}],"wp:attachment":[{"href":"https:\/\/www.mijas.es\/portal\/wp-json\/wp\/v2\/media?parent=61149"}],"wp:term":[{"taxonomy":"category","embeddable":true,"href":"https:\/\/www.mijas.es\/portal\/wp-json\/wp\/v2\/categories?post=61149"},{"taxonomy":"post_tag","embeddable":true,"href":"https:\/\/www.mijas.es\/portal\/wp-json\/wp\/v2\/tags?post=61149"}],"curies":[{"name":"wp","href":"https:\/\/api.w.org\/{rel}","templated":true}]}}