{"id":60778,"date":"2025-03-27T13:05:20","date_gmt":"2025-03-27T12:05:20","guid":{"rendered":"https:\/\/www.mijas.es\/portal\/?p=60778"},"modified":"2025-03-27T13:05:21","modified_gmt":"2025-03-27T12:05:21","slug":"el-ayuntamiento-de-mijas-respalda-el-talento-joven-en-el-acto-de-distinciones-de-la-facultad-de-turismo-de-la-uma","status":"publish","type":"post","link":"https:\/\/www.mijas.es\/portal\/el-ayuntamiento-de-mijas-respalda-el-talento-joven-en-el-acto-de-distinciones-de-la-facultad-de-turismo-de-la-uma\/","title":{"rendered":"El Ayuntamiento de Mijas respalda el talento joven en el acto de distinciones de la Facultad de Turismo de la UMA"},"content":{"rendered":"\n<ul>\n<li>El municipio apuesta por integrar el conocimiento acad\u00e9mico en sus pol\u00edticas tur\u00edsticas como herramienta para consolidarse como un modelo de referencia nacional.<\/li>\n<\/ul>\n\n\n\n<p><strong>Mijas, 27 de abril de 2025.-<\/strong> Francisco Jerez, concejal de Turismo, en representaci\u00f3n del Ayuntamiento de Mijas, ha asistido al acto de entrega de Honores y Distinciones 2024 de la Facultad de Turismo de la Universidad de M\u00e1laga, mostrando as\u00ed el respaldo del municipio al talento joven y al trabajo acad\u00e9mico vinculado al desarrollo tur\u00edstico.<\/p>\n\n\n\n<p>El evento, celebrado este mi\u00e9rcoles en el Sal\u00f3n de Actos del Campus de Teatinos, ha reunido a instituciones, empresas, medios de comunicaci\u00f3n y miembros de la comunidad universitaria para reconocer el esfuerzo y la excelencia en distintos \u00e1mbitos del turismo: desde la formaci\u00f3n y la investigaci\u00f3n hasta la inserci\u00f3n laboral o la cooperaci\u00f3n institucional.<\/p>\n\n\n\n<p>\u201cMijas es mucho m\u00e1s que un destino consolidado. Es un modelo que apuesta por el talento, por la profesionalizaci\u00f3n y por un turismo de calidad. Estar hoy aqu\u00ed es una forma de reafirmar nuestro compromiso con quienes van a liderar el turismo espa\u00f1ol en los pr\u00f3ximos a\u00f1os\u201d, ha expresado Jerez tras el acto.<\/p>\n\n\n\n<p>El edil ha subrayado la importancia de estrechar lazos entre municipios tur\u00edsticos y el \u00e1mbito acad\u00e9mico en un contexto de transformaci\u00f3n del sector: \u201cDebemos estar m\u00e1s conectados que nunca con el conocimiento. Mijas quiere seguir siendo un referente tur\u00edstico, y eso pasa tambi\u00e9n por escuchar a quienes investigan, forman y generan nuevas ideas\u201d.<\/p>\n\n\n\n<p>Durante la ceremonia se ha distinguido a entidades como la Organizaci\u00f3n Mundial del Turismo (OMT), TalentChef o SER Viajeros Andaluc\u00eda, adem\u00e1s de reconocerse los mejores expedientes acad\u00e9micos de los grados y m\u00e1steres en turismo y gastronom\u00eda, as\u00ed como el compromiso universitario y social de estudiantes destacados.<\/p>\n\n\n\n<p>Jerez ha aprovechado el encuentro para mostrar la disposici\u00f3n de Mijas a colaborar con la Universidad de M\u00e1laga en proyectos que impulsen la innovaci\u00f3n, la sostenibilidad y la formaci\u00f3n de nuevos profesionales del sector. \u201cQueremos que Mijas sea un laboratorio de buenas pr\u00e1cticas, un lugar donde el conocimiento se transforme en experiencias tur\u00edsticas m\u00e1s humanas, m\u00e1s aut\u00e9nticas y m\u00e1s competitivas\u201d, ha afirmado.<\/p>\n\n\n\n<p>La participaci\u00f3n del Ayuntamiento en este acto se enmarca dentro de una visi\u00f3n estrat\u00e9gica que busca posicionar a Mijas no s\u00f3lo como destino, sino como agente activo en el dise\u00f1o del futuro tur\u00edstico de Espa\u00f1a.<\/p>\n","protected":false},"excerpt":{"rendered":"<p>Mijas, 27 de abril de 2025.- Francisco Jerez, concejal de Turismo, en representaci\u00f3n del Ayuntamiento de Mijas, ha asistido al acto de entrega de Honores y Distinciones 2024 de la Facultad de Turismo de la Universidad de M\u00e1laga, mostrando as\u00ed el respaldo del municipio al talento joven y al trabajo acad\u00e9mico vinculado al desarrollo tur\u00edstico. [&hellip;]<\/p>\n","protected":false},"author":1,"featured_media":60779,"comment_status":"closed","ping_status":"open","sticky":false,"template":"","format":"standard","meta":[],"categories":[22,122,19,72],"tags":[],"jetpack_featured_media_url":"https:\/\/www.mijas.es\/wp-content\/uploads\/2025\/03\/Distinciones-UMA.jpg","_links":{"self":[{"href":"https:\/\/www.mijas.es\/portal\/wp-json\/wp\/v2\/posts\/60778"}],"collection":[{"href":"https:\/\/www.mijas.es\/portal\/wp-json\/wp\/v2\/posts"}],"about":[{"href":"https:\/\/www.mijas.es\/portal\/wp-json\/wp\/v2\/types\/post"}],"author":[{"embeddable":true,"href":"https:\/\/www.mijas.es\/portal\/wp-json\/wp\/v2\/users\/1"}],"replies":[{"embeddable":true,"href":"https:\/\/www.mijas.es\/portal\/wp-json\/wp\/v2\/comments?post=60778"}],"version-history":[{"count":1,"href":"https:\/\/www.mijas.es\/portal\/wp-json\/wp\/v2\/posts\/60778\/revisions"}],"predecessor-version":[{"id":60780,"href":"https:\/\/www.mijas.es\/portal\/wp-json\/wp\/v2\/posts\/60778\/revisions\/60780"}],"wp:featuredmedia":[{"embeddable":true,"href":"https:\/\/www.mijas.es\/portal\/wp-json\/wp\/v2\/media\/60779"}],"wp:attachment":[{"href":"https:\/\/www.mijas.es\/portal\/wp-json\/wp\/v2\/media?parent=60778"}],"wp:term":[{"taxonomy":"category","embeddable":true,"href":"https:\/\/www.mijas.es\/portal\/wp-json\/wp\/v2\/categories?post=60778"},{"taxonomy":"post_tag","embeddable":true,"href":"https:\/\/www.mijas.es\/portal\/wp-json\/wp\/v2\/tags?post=60778"}],"curies":[{"name":"wp","href":"https:\/\/api.w.org\/{rel}","templated":true}]}}