{"id":60636,"date":"2025-03-13T10:49:50","date_gmt":"2025-03-13T09:49:50","guid":{"rendered":"https:\/\/www.mijas.es\/portal\/?p=60636"},"modified":"2025-03-13T10:49:51","modified_gmt":"2025-03-13T09:49:51","slug":"la-oficina-de-turismo-de-mijas-acoge-la-exposicion-de-las-guitarras-de-alberto-martin-y-los-disenos-de-magali-villanueva","status":"publish","type":"post","link":"https:\/\/www.mijas.es\/portal\/la-oficina-de-turismo-de-mijas-acoge-la-exposicion-de-las-guitarras-de-alberto-martin-y-los-disenos-de-magali-villanueva\/","title":{"rendered":"La oficina de turismo de Mijas acoge la exposici\u00f3n de las guitarras de Alberto Mart\u00edn y los dise\u00f1os de Magali Villanueva"},"content":{"rendered":"\n<ul>\n<li>La muestra re\u00fane las guitarras artesanales de Alberto Mart\u00edn y los dise\u00f1os de novia de Magali Villanueva, resaltando la creatividad y el oficio de los artesanos locales<\/li>\n\n\n\n<li>La exposici\u00f3n forma parte del ciclo de muestras mensuales en la Oficina de Turismo, una iniciativa que promueve el trabajo de los artesanos de Mijas<\/li>\n<\/ul>\n\n\n\n<p><strong>Mijas, <\/strong><strong>13 de marzo de 2025.- <\/strong>El Ayuntamiento de Mijas, a trav\u00e9s de su Concejal\u00eda de Turismo, inaugura una nueva exposici\u00f3n en la Oficina de Turismo de Mijas Pueblo, donde se exhiben las obras del luthier Alberto Mart\u00edn y la dise\u00f1adora Magali Villanueva. Esta muestra, que estar\u00e1 abierta al p\u00fablico durante todo el mes de marzo, forma parte del ciclo de exposiciones que busca dar visibilidad a la labor de los artesanos locales, miembros de la Asociaci\u00f3n Artesanal de Mijas.?<\/p>\n\n\n\n<p>Alberto Mart\u00edn, dedicado a la construcci\u00f3n de guitarras desde 2007, presenta en esta ocasi\u00f3n dos guitarras: una en proceso de construcci\u00f3n y otra finalizada. Adem\u00e1s, exhibe elementos utilizados en la fabricaci\u00f3n de un viol\u00edn y ejemplos de instrumentos antiguos, como la\u00fades renacentista y barroco. Su taller, ubicado en Camino de Co\u00edn, 38, atiende a clientes de todo el mundo y actualmente cuenta con una lista de espera de casi un a\u00f1o debido a la alta demanda de sus instrumentos.?<\/p>\n\n\n\n<p>Adem\u00e1s, ha explicado Mart\u00edn que se trata de guiar a cada persona en el proceso de creaci\u00f3n de su propia guitarra, un recorrido \u00fanico donde cada detalle cobra significado. \u201cVivir esta experiencia transforma la relaci\u00f3n del m\u00fasico con su instrumento, haci\u00e9ndola a\u00fan m\u00e1s especial\u201d.<\/p>\n\n\n\n<p>Por su parte, Magali Villanueva expone una selecci\u00f3n de su colecci\u00f3n de vestidos de novia, caracterizados por un estilo sobrio, casual y elegante. La dise\u00f1adora, que tambi\u00e9n trabaja para clientes internacionales desde Mijas, ofrece al p\u00fablico una muestra representativa de su trabajo en esta exposici\u00f3n.?<\/p>\n\n\n\n<p>En este sentido, el concejal de Turismo, Francisco Jerez, ha destacado que \u201cestas exposiciones no s\u00f3lo enriquecen la oferta cultural de Mijas, sino que tambi\u00e9n refuerzan su atractivo como destino tur\u00edstico. La Oficina de Turismo es un punto de referencia para quienes nos visitan y ofrecerles la oportunidad de descubrir el talento de nuestros artesanos a\u00f1ade un valor diferencial a su experiencia en el municipio\u201d.<\/p>\n\n\n\n<p>La exposici\u00f3n puede visitarse de lunes a viernes, de 9:00 a 18:00 horas, y los s\u00e1bados, domingos y festivos, de 10:00 a 14:00 horas, en la Oficina de Turismo de Mijas Pueblo.?<\/p>\n\n\n\n<p>Esta iniciativa, que comenz\u00f3 en enero y se extender\u00e1 hasta junio, presenta mensualmente el trabajo de dos artesanos locales diferentes, reafirmando el compromiso del Ayuntamiento de Mijas con la promoci\u00f3n y difusi\u00f3n de la artesan\u00eda del municipio.?<\/p>\n","protected":false},"excerpt":{"rendered":"<p>Mijas, 13 de marzo de 2025.- El Ayuntamiento de Mijas, a trav\u00e9s de su Concejal\u00eda de Turismo, inaugura una nueva exposici\u00f3n en la Oficina de Turismo de Mijas Pueblo, donde se exhiben las obras del luthier Alberto Mart\u00edn y la dise\u00f1adora Magali Villanueva. Esta muestra, que estar\u00e1 abierta al p\u00fablico durante todo el mes de [&hellip;]<\/p>\n","protected":false},"author":1,"featured_media":60637,"comment_status":"closed","ping_status":"open","sticky":false,"template":"","format":"standard","meta":[],"categories":[22,122,19,72],"tags":[],"jetpack_featured_media_url":"https:\/\/www.mijas.es\/wp-content\/uploads\/2025\/03\/Expo-artesanos.jpeg","_links":{"self":[{"href":"https:\/\/www.mijas.es\/portal\/wp-json\/wp\/v2\/posts\/60636"}],"collection":[{"href":"https:\/\/www.mijas.es\/portal\/wp-json\/wp\/v2\/posts"}],"about":[{"href":"https:\/\/www.mijas.es\/portal\/wp-json\/wp\/v2\/types\/post"}],"author":[{"embeddable":true,"href":"https:\/\/www.mijas.es\/portal\/wp-json\/wp\/v2\/users\/1"}],"replies":[{"embeddable":true,"href":"https:\/\/www.mijas.es\/portal\/wp-json\/wp\/v2\/comments?post=60636"}],"version-history":[{"count":1,"href":"https:\/\/www.mijas.es\/portal\/wp-json\/wp\/v2\/posts\/60636\/revisions"}],"predecessor-version":[{"id":60638,"href":"https:\/\/www.mijas.es\/portal\/wp-json\/wp\/v2\/posts\/60636\/revisions\/60638"}],"wp:featuredmedia":[{"embeddable":true,"href":"https:\/\/www.mijas.es\/portal\/wp-json\/wp\/v2\/media\/60637"}],"wp:attachment":[{"href":"https:\/\/www.mijas.es\/portal\/wp-json\/wp\/v2\/media?parent=60636"}],"wp:term":[{"taxonomy":"category","embeddable":true,"href":"https:\/\/www.mijas.es\/portal\/wp-json\/wp\/v2\/categories?post=60636"},{"taxonomy":"post_tag","embeddable":true,"href":"https:\/\/www.mijas.es\/portal\/wp-json\/wp\/v2\/tags?post=60636"}],"curies":[{"name":"wp","href":"https:\/\/api.w.org\/{rel}","templated":true}]}}