{"id":60432,"date":"2025-02-24T12:51:11","date_gmt":"2025-02-24T11:51:11","guid":{"rendered":"https:\/\/www.mijas.es\/portal\/?p=60432"},"modified":"2025-02-26T12:40:08","modified_gmt":"2025-02-26T11:40:08","slug":"el-ayuntamiento-de-mijas-comienza-la-remodelacion-integral-de-las-calles-nerja-y-casarabonela-de-la-cala","status":"publish","type":"post","link":"https:\/\/www.mijas.es\/portal\/el-ayuntamiento-de-mijas-comienza-la-remodelacion-integral-de-las-calles-nerja-y-casarabonela-de-la-cala\/","title":{"rendered":"El Ayuntamiento de Mijas comienza la remodelaci\u00f3n integral de las calles Nerja y Casarabonela de La Cala"},"content":{"rendered":"\n<ul>\n<li>Los trabajos conllevan la mejora de todas las redes de suministros y de la accesibilidad de los viales al eliminar barreras arquitect\u00f3nicas<\/li>\n\n\n\n<li>Todo ello supone una inversi\u00f3n de 407.000 euros y un plazo de ejecuci\u00f3n de cuatro meses<\/li>\n<\/ul>\n\n\n\n<p><strong>Mijas, 24 de febrero de 2025.- <\/strong>El Ayuntamiento de <strong>Mijas<\/strong>, a trav\u00e9s del \u00e1rea de Obras e Infraestructuras, ha arrancado la reforma integral de las calles Nerja y Casarabonela en La Cala. Adem\u00e1s de renovar todas las redes de suministros de estos viales, los trabajos se centran en la eliminaci\u00f3n de las barreras arquitect\u00f3nicas para ganar accesibilidad.<\/p>\n\n\n\n<p>En este sentido, el proyecto comprende la sustituci\u00f3n de las redes de abastecimiento y saneamiento, incluyendo la ejecuci\u00f3n de nuevas canalizaciones de la red de telefon\u00eda y electricidad para reparar posibles roturas accidentales y como previsi\u00f3n para el soterramiento en un futuro del cableado a\u00e9reo. A su vez, todas las luminarias contar\u00e1n con tecnolog\u00eda tipo LED para mejorar la eficiencia energ\u00e9tica as\u00ed como la emisi\u00f3n de gases, todo ello ajustado a los criterios del RD 1890\/2008.<\/p>\n\n\n\n<p>En lo que se refiere a la reforma en superficie el actual pavimento de acerados y calzada ser\u00e1 sustituido por uno de adoqu\u00edn cer\u00e1mico y hormig\u00f3n bituminoso, respectivamente, separados por una l\u00ednea de agua de doble rigola. Toda la se\u00f1alizaci\u00f3n vertical y horizontal ser\u00e1 cambiada y se instalar\u00e1 nuevo mobiliario urbano.<\/p>\n\n\n\n<p>Esta actuaci\u00f3n proyectada se enmarca dentro de la planificaci\u00f3n de obras del Ayuntamiento de <strong>Mijas <\/strong>destinada a la mejora global del barrio con la reordenaci\u00f3n de los espacios destinados a circulaci\u00f3n de veh\u00edculos y peatonal. \u201cEl objetivo final es lograr un espacio que se ajuste a los criterios de accesibilidad en el que se priorice la presencia peatonal con respecto al de veh\u00edculos. As\u00ed como la mejora de los servicios p\u00fablicos de infraestructuras, la renovaci\u00f3n del pavimento existente con materiales empleados recientemente en actuaciones similares y la modernizaci\u00f3n del sistema de alumbrado p\u00fablico\u201d, ha explicado Ana Mata, alcaldesa de <strong>Mijas<\/strong>, durante la visita de inspecci\u00f3n que ha realizado esta ma\u00f1ana y en la que ha estado acompa\u00f1ada por el concejal de Obras e Infraestructuras, Juan Jos\u00e9 Torres.<\/p>\n\n\n\n<p>En total el proyecto recoge que se act\u00fae en 118 metros de longitud con un importe de 407.468 euros. La obra cuenta con un plazo de ejecuci\u00f3n de cuatro meses.<\/p>\n\n\n\n<figure class=\"wp-block-image size-large is-resized\"><img decoding=\"async\" src=\"https:\/\/www.mijas.es\/wp-content\/uploads\/2025\/02\/Obras-calles-Nerja-y-Casarabonela-2-1024x768.jpeg\" alt=\"\" class=\"wp-image-60433\" width=\"712\" height=\"534\" srcset=\"https:\/\/www.mijas.es\/wp-content\/uploads\/2025\/02\/Obras-calles-Nerja-y-Casarabonela-2-1024x768.jpeg 1024w, https:\/\/www.mijas.es\/wp-content\/uploads\/2025\/02\/Obras-calles-Nerja-y-Casarabonela-2-300x225.jpeg 300w, https:\/\/www.mijas.es\/wp-content\/uploads\/2025\/02\/Obras-calles-Nerja-y-Casarabonela-2-768x576.jpeg 768w, https:\/\/www.mijas.es\/wp-content\/uploads\/2025\/02\/Obras-calles-Nerja-y-Casarabonela-2-1536x1152.jpeg 1536w, https:\/\/www.mijas.es\/wp-content\/uploads\/2025\/02\/Obras-calles-Nerja-y-Casarabonela-2-400x300.jpeg 400w, https:\/\/www.mijas.es\/wp-content\/uploads\/2025\/02\/Obras-calles-Nerja-y-Casarabonela-2.jpeg 1600w\" sizes=\"(max-width: 712px) 100vw, 712px\" \/><\/figure>\n","protected":false},"excerpt":{"rendered":"<p>Mijas, 24 de febrero de 2025.- El Ayuntamiento de Mijas, a trav\u00e9s del \u00e1rea de Obras e Infraestructuras, ha arrancado la reforma integral de las calles Nerja y Casarabonela en La Cala. Adem\u00e1s de renovar todas las redes de suministros de estos viales, los trabajos se centran en la eliminaci\u00f3n de las barreras arquitect\u00f3nicas para [&hellip;]<\/p>\n","protected":false},"author":1,"featured_media":60434,"comment_status":"closed","ping_status":"open","sticky":false,"template":"","format":"standard","meta":[],"categories":[22,122,19],"tags":[],"jetpack_featured_media_url":"https:\/\/www.mijas.es\/wp-content\/uploads\/2025\/02\/Obras-calles-Nerja-y-Casarabonela-9.jpeg","_links":{"self":[{"href":"https:\/\/www.mijas.es\/portal\/wp-json\/wp\/v2\/posts\/60432"}],"collection":[{"href":"https:\/\/www.mijas.es\/portal\/wp-json\/wp\/v2\/posts"}],"about":[{"href":"https:\/\/www.mijas.es\/portal\/wp-json\/wp\/v2\/types\/post"}],"author":[{"embeddable":true,"href":"https:\/\/www.mijas.es\/portal\/wp-json\/wp\/v2\/users\/1"}],"replies":[{"embeddable":true,"href":"https:\/\/www.mijas.es\/portal\/wp-json\/wp\/v2\/comments?post=60432"}],"version-history":[{"count":2,"href":"https:\/\/www.mijas.es\/portal\/wp-json\/wp\/v2\/posts\/60432\/revisions"}],"predecessor-version":[{"id":60437,"href":"https:\/\/www.mijas.es\/portal\/wp-json\/wp\/v2\/posts\/60432\/revisions\/60437"}],"wp:featuredmedia":[{"embeddable":true,"href":"https:\/\/www.mijas.es\/portal\/wp-json\/wp\/v2\/media\/60434"}],"wp:attachment":[{"href":"https:\/\/www.mijas.es\/portal\/wp-json\/wp\/v2\/media?parent=60432"}],"wp:term":[{"taxonomy":"category","embeddable":true,"href":"https:\/\/www.mijas.es\/portal\/wp-json\/wp\/v2\/categories?post=60432"},{"taxonomy":"post_tag","embeddable":true,"href":"https:\/\/www.mijas.es\/portal\/wp-json\/wp\/v2\/tags?post=60432"}],"curies":[{"name":"wp","href":"https:\/\/api.w.org\/{rel}","templated":true}]}}