{"id":60379,"date":"2025-02-19T12:10:45","date_gmt":"2025-02-19T11:10:45","guid":{"rendered":"https:\/\/www.mijas.es\/portal\/?p=60379"},"modified":"2025-02-20T10:06:54","modified_gmt":"2025-02-20T09:06:54","slug":"musica-en-directo-bailes-y-la-izada-de-bandera-para-conmemorar-el-dia-de-andalucia-en-mijas","status":"publish","type":"post","link":"https:\/\/www.mijas.es\/portal\/musica-en-directo-bailes-y-la-izada-de-bandera-para-conmemorar-el-dia-de-andalucia-en-mijas\/","title":{"rendered":"M\u00fasica en directo, bailes y la izada de bandera para conmemorar el D\u00eda de Andaluc\u00eda en Mijas"},"content":{"rendered":"\n<ul>\n<li>El acto tendr\u00e1 lugar el mismo d\u00eda 28 en el Parque Andaluc\u00eda de Las Lagunas<\/li>\n<\/ul>\n\n\n\n<p><strong>Mijas, 19 de febrero de 2025.-<\/strong>&nbsp;El Ayuntamiento de <strong>Mijas <\/strong>ya tiene todo preparado para celebrar por todo lo alto el D\u00eda de Andaluc\u00eda. Y es que el pr\u00f3ximo d\u00eda 28 el Parque de Andaluc\u00eda ser\u00e1 el epicentro de los actos conmemorativos del d\u00eda de la regi\u00f3n con una gran fiesta en la que no faltar\u00e1n la m\u00fasica en directo y los bailes. &nbsp;<\/p>\n\n\n\n<p>Los actos arrancar\u00e1n a las 12:00 horas con el grupo de Coros y Danzas. La secci\u00f3n infantil subir\u00e1 al escenario para interpretar los \u201cFandangos de las Cuevas de Almanzora\u201d, \u201cZapatera\u201d y \u201cLos tangos del Titi\u201d, para dar paso al grupo de adultos con sus \u201cTanguillos de Valtocado\u201d y la \u201cPetenera de Almer\u00eda\u201d. Justo despu\u00e9s tomar\u00e1 el relevo la Banda Municipal de M\u00fasica, para dar paso a la alcaldesa del municipio, Ana Mata, que ofrecer\u00e1 un discurso institucional.<\/p>\n\n\n\n<p>Pero el momento m\u00e1s emotivo de la jornada llegar\u00e1 con la izada de la bandera, algo que realizar\u00e1 la propia alcaldesa acompa\u00f1ada por la Banda Municipal y la artista local La Caletera, que ser\u00e1 la encargada de interpretar el Himno de Andaluc\u00eda.<\/p>\n\n\n\n<p>La jornada no terminar\u00e1 ah\u00ed, ya que los centros de participaci\u00f3n activa han organizado para ese d\u00eda sus tradicionales desayunos. Ser\u00e1 a las 9:00 horas en Mijas Pueblo y a las 9:30 horas tanto en Las Lagunas como en La Cala. Adem\u00e1s, en Las Lagunas hay prevista una actuaci\u00f3n del grupo de baile de mayores de la profesora M\u00aa Jos\u00e9 Bueno.<\/p>\n\n\n\n<p>\u201cVa a ser una jornada muy especial, por lo que invitamos a todos los mije\u00f1os y mije\u00f1as a participar y celebrar todo lo que nos convierte en una comunidad \u00fanica en el mundo. Adem\u00e1s, los colectivos tambi\u00e9n se suman a la celebraci\u00f3n\u201d, ha explicado la edil de Fiestas, Silvia Mar\u00edn.<\/p>\n","protected":false},"excerpt":{"rendered":"<p>Mijas, 19 de febrero de 2025.-&nbsp;El Ayuntamiento de Mijas ya tiene todo preparado para celebrar por todo lo alto el D\u00eda de Andaluc\u00eda. Y es que el pr\u00f3ximo d\u00eda 28 el Parque de Andaluc\u00eda ser\u00e1 el epicentro de los actos conmemorativos del d\u00eda de la regi\u00f3n con una gran fiesta en la que no faltar\u00e1n [&hellip;]<\/p>\n","protected":false},"author":1,"featured_media":60380,"comment_status":"closed","ping_status":"open","sticky":false,"template":"","format":"standard","meta":[],"categories":[132,19],"tags":[],"jetpack_featured_media_url":"https:\/\/www.mijas.es\/wp-content\/uploads\/2025\/02\/Dia-de-Andalucia.jpg","_links":{"self":[{"href":"https:\/\/www.mijas.es\/portal\/wp-json\/wp\/v2\/posts\/60379"}],"collection":[{"href":"https:\/\/www.mijas.es\/portal\/wp-json\/wp\/v2\/posts"}],"about":[{"href":"https:\/\/www.mijas.es\/portal\/wp-json\/wp\/v2\/types\/post"}],"author":[{"embeddable":true,"href":"https:\/\/www.mijas.es\/portal\/wp-json\/wp\/v2\/users\/1"}],"replies":[{"embeddable":true,"href":"https:\/\/www.mijas.es\/portal\/wp-json\/wp\/v2\/comments?post=60379"}],"version-history":[{"count":3,"href":"https:\/\/www.mijas.es\/portal\/wp-json\/wp\/v2\/posts\/60379\/revisions"}],"predecessor-version":[{"id":60388,"href":"https:\/\/www.mijas.es\/portal\/wp-json\/wp\/v2\/posts\/60379\/revisions\/60388"}],"wp:featuredmedia":[{"embeddable":true,"href":"https:\/\/www.mijas.es\/portal\/wp-json\/wp\/v2\/media\/60380"}],"wp:attachment":[{"href":"https:\/\/www.mijas.es\/portal\/wp-json\/wp\/v2\/media?parent=60379"}],"wp:term":[{"taxonomy":"category","embeddable":true,"href":"https:\/\/www.mijas.es\/portal\/wp-json\/wp\/v2\/categories?post=60379"},{"taxonomy":"post_tag","embeddable":true,"href":"https:\/\/www.mijas.es\/portal\/wp-json\/wp\/v2\/tags?post=60379"}],"curies":[{"name":"wp","href":"https:\/\/api.w.org\/{rel}","templated":true}]}}