{"id":60315,"date":"2025-02-13T13:37:35","date_gmt":"2025-02-13T12:37:35","guid":{"rendered":"https:\/\/www.mijas.es\/portal\/?p=60315"},"modified":"2025-02-13T13:37:36","modified_gmt":"2025-02-13T12:37:36","slug":"mijas-acogera-un-gran-espectaculo-de-magia-a-favor-de-avoi-y-de-la-fundacion-cudeca","status":"publish","type":"post","link":"https:\/\/www.mijas.es\/portal\/mijas-acogera-un-gran-espectaculo-de-magia-a-favor-de-avoi-y-de-la-fundacion-cudeca\/","title":{"rendered":"Mijas acoger\u00e1 un gran espect\u00e1culo de magia a favor de AVOI y de la Fundaci\u00f3n Cudeca"},"content":{"rendered":"\n<ul>\n<li>La cita \u2018La magia de la vida\u2019 tendr\u00e1 lugar el d\u00eda 27 de febrero a partir de las 18.30 horas en el Teatro Manuel Espa\u00f1a<\/li>\n\n\n\n<li>Las entradas ya est\u00e1n a la venta en www.entradium.com<\/li>\n<\/ul>\n\n\n\n<p><strong>Mijas, 13 de febrero de 2025.- Mijas <\/strong>ser\u00e1 el pr\u00f3ximo d\u00eda 27 de febrero a partir de las 18:30 horas m\u00e1s m\u00e1gica que nunca ya que se prepara para acoger un gran espect\u00e1culo de magia a favor de las entidades sociales AVOI y la Fundaci\u00f3n Cudeca. As\u00ed lo ha anunciado esta ma\u00f1ana el concejal de Cultura, Juan Carlos Maldonado, quien ha detallado que la cita llamada \u2018La magia de la vida\u2019 tendr\u00e1 como escenario el Teatro Manuel Espa\u00f1a.<\/p>\n\n\n\n<p>En este sentido, Maldonado ha explicado que en d\u00edas consecutivos, y en cuatro municipios, se celebrar\u00e1 este festival ben\u00e9fico. Entre las localidades seleccionadas se encuentra <strong>Mijas <\/strong>de la que el concejal ha indicado que est\u00e1 convencido que se volcar\u00e1 para ayudar a estos colectivos sociales que tanto arraigo tienen. \u201cAVOI y Cudeca hacen una labor encomiable y por ello tenemos que ayudar a que sigan desarrollando su trabajo. Hago un llamamiento a los vecinos de <strong>Mijas <\/strong>para que muestren su car\u00e1cter solidario una vez m\u00e1s, en este caso ayudando a los peque\u00f1os que sufren c\u00e1ncer\u201d, ha informado.<\/p>\n\n\n\n<p>En cuanto al cartel, la cita estar\u00e1 encabezada por el mago Miguel Mu\u00f1oz, quien adem\u00e1s es artista de circo y\u00a0actor\u00a0espa\u00f1ol. Gan\u00f3 el Gran Premio Mundial de Magia\u00a0FISM\u00a02018 y fue considerado el mejor mago e\u00a0ilusionista\u00a0del mundo. Posteriormente subir\u00e1 al escenario Dany Danielo, con un espect\u00e1culo llamado \u2018Una historia de magia\u2019 para todos los p\u00fablicos que contiene n\u00fameros de participaci\u00f3n y otros visuales acompa\u00f1ados por el ritmo de la m\u00fasica y una cuidada puesta en escena. Los juegos que realiza son propios de la comedia, de los bufones-clown, ante un abanico de recursos teatrales, acompa\u00f1ados casi siempre de la m\u00fasica. Con un estilo propio, juega en escena de manera que el espectador, sin importar la edad, disfrute y r\u00eda durante el espect\u00e1culo.<\/p>\n\n\n\n<p>El siguiente en subir a las tablas ser\u00e1 Kayto, que compagina la magia con sus facetas de payaso, m\u00fasico y actor. Y por \u00faltimo los magos Juan Garrido y Richard Granda llevar\u00e1n al teatro mije\u00f1os su espect\u00e1culo \u2018Por arte de magia\u2019.<\/p>\n\n\n\n<p>Las entradas ya se encuentran a la venta en <a href=\"http:\/\/www.entradium.com\/\">www.entradium.com<\/a>.<\/p>\n\n\n\n<p>Por su parte, Juan Carmona, presidente de AVOI, ha explicado que Cudeca y su entidad social se encuentran hermanados en esta iniciativa que cuenta con la participaci\u00f3n de grandes artistas. \u201cEs una forma de conseguir llevar a cabo los distintos proyectos pedi\u00e1tricos que desarrollamos, por lo que necesitamos fondos para continuar. Estamos muy agradecidos al Ayuntamiento por la cesi\u00f3n de este espacio\u201d, ha indicado.<\/p>\n\n\n\n<p>A su vez, Daniel S\u00e1nchez, responsable de comunicaci\u00f3n y captaci\u00f3n de fondos de Cudeca, ha resaltado lo esencial que es contar con el apoyo de la comunidad y ha indicado que adem\u00e1s de en <strong>Mijas<\/strong>, las representaciones se desarrollar\u00e1n en M\u00e1laga, Estepona e Ist\u00e1n. Tambi\u00e9n ha animado a todos a asistir porque se trata de un show pensado para todas las familias.<\/p>\n\n\n\n<figure class=\"wp-block-image size-large is-resized\"><img decoding=\"async\" src=\"https:\/\/www.mijas.es\/wp-content\/uploads\/2025\/02\/MIJAS-724x1024.jpg\" alt=\"\" class=\"wp-image-60316\" width=\"434\" height=\"614\" srcset=\"https:\/\/www.mijas.es\/wp-content\/uploads\/2025\/02\/MIJAS-724x1024.jpg 724w, https:\/\/www.mijas.es\/wp-content\/uploads\/2025\/02\/MIJAS-212x300.jpg 212w, https:\/\/www.mijas.es\/wp-content\/uploads\/2025\/02\/MIJAS-768x1086.jpg 768w, https:\/\/www.mijas.es\/wp-content\/uploads\/2025\/02\/MIJAS.jpg 905w\" sizes=\"(max-width: 434px) 100vw, 434px\" \/><\/figure>\n","protected":false},"excerpt":{"rendered":"<p>Mijas, 13 de febrero de 2025.- Mijas ser\u00e1 el pr\u00f3ximo d\u00eda 27 de febrero a partir de las 18:30 horas m\u00e1s m\u00e1gica que nunca ya que se prepara para acoger un gran espect\u00e1culo de magia a favor de las entidades sociales AVOI y la Fundaci\u00f3n Cudeca. As\u00ed lo ha anunciado esta ma\u00f1ana el concejal de [&hellip;]<\/p>\n","protected":false},"author":1,"featured_media":60318,"comment_status":"closed","ping_status":"open","sticky":false,"template":"","format":"standard","meta":[],"categories":[22,122,10,132,19],"tags":[],"jetpack_featured_media_url":"https:\/\/www.mijas.es\/wp-content\/uploads\/2025\/02\/Avoi-y-Cudeca-Espectaculo-de-Magia.jpg","_links":{"self":[{"href":"https:\/\/www.mijas.es\/portal\/wp-json\/wp\/v2\/posts\/60315"}],"collection":[{"href":"https:\/\/www.mijas.es\/portal\/wp-json\/wp\/v2\/posts"}],"about":[{"href":"https:\/\/www.mijas.es\/portal\/wp-json\/wp\/v2\/types\/post"}],"author":[{"embeddable":true,"href":"https:\/\/www.mijas.es\/portal\/wp-json\/wp\/v2\/users\/1"}],"replies":[{"embeddable":true,"href":"https:\/\/www.mijas.es\/portal\/wp-json\/wp\/v2\/comments?post=60315"}],"version-history":[{"count":1,"href":"https:\/\/www.mijas.es\/portal\/wp-json\/wp\/v2\/posts\/60315\/revisions"}],"predecessor-version":[{"id":60317,"href":"https:\/\/www.mijas.es\/portal\/wp-json\/wp\/v2\/posts\/60315\/revisions\/60317"}],"wp:featuredmedia":[{"embeddable":true,"href":"https:\/\/www.mijas.es\/portal\/wp-json\/wp\/v2\/media\/60318"}],"wp:attachment":[{"href":"https:\/\/www.mijas.es\/portal\/wp-json\/wp\/v2\/media?parent=60315"}],"wp:term":[{"taxonomy":"category","embeddable":true,"href":"https:\/\/www.mijas.es\/portal\/wp-json\/wp\/v2\/categories?post=60315"},{"taxonomy":"post_tag","embeddable":true,"href":"https:\/\/www.mijas.es\/portal\/wp-json\/wp\/v2\/tags?post=60315"}],"curies":[{"name":"wp","href":"https:\/\/api.w.org\/{rel}","templated":true}]}}