{"id":6003,"date":"2017-04-20T05:21:15","date_gmt":"2017-04-20T05:21:15","guid":{"rendered":"http:\/\/localhost\/pruebaweb\/?p=6003"},"modified":"2017-04-20T05:21:15","modified_gmt":"2017-04-20T05:21:15","slug":"comienza-la-campana-no-es-no-en-los-institutos-mijenos-para-la-prevencion-de-agresiones-sexuales-a-las-mujeres","status":"publish","type":"post","link":"https:\/\/www.mijas.es\/portal\/comienza-la-campana-no-es-no-en-los-institutos-mijenos-para-la-prevencion-de-agresiones-sexuales-a-las-mujeres\/","title":{"rendered":"Comienza la campa&ntilde;a &#8216;No es No&#8217; en los institutos mije&ntilde;os para la prevenci&oacute;n de agresiones sexuales a las mujeres"},"content":{"rendered":"<p style=\"text-align: justify;\">\n\tLa edil de Igualdad, Mari Carmen Carmona (Cs), ha acudido esta ma\u00f1ana al IES de La Cala para el comienzo de esta iniciativa que hace especial hincapi\u00e9 en las relaciones basadas en el respeto entre sexos<\/p>\n<p><\/p>\n<p>\n\t<strong>Mijas, 18 de abril de 2017.-<\/strong>Esta ma\u00f1ana ha arrancado en el IES de La Cala la campa\u00f1a &#8216;No es No&#8217;. Esta iniciativa, impulsada por el \u00e1rea de Igualdad que coordina la edil, Mari Carmen Carmona (Cs), consiste en una serie de charlas informativas que se van a impartir en los centros educativos de Secundaria para la prevenci\u00f3n de agresiones sexuales entre adolescentes. Los talleres cuestionan comportamientos y actitudes sexistas entre ellos. \u00abLa prevenci\u00f3n es una estrategia de intervenci\u00f3n fundamental cuestionando y erradicando las actitudes arraigadas en la sociedad, que minimizan y toleran actuaciones que debemos considerar agresiones sexuales, que deben ser denunciadas y, en ocasiones, no lo son por verg\u00fcenza de las mujeres que las sufren\u00bb se\u00f1ala la edil quien a\u00f1ade que \u00aba veces los chicos dan por hecho que si se besan con una chica o el hecho de que ella lleve una falda corta ya les da potestad para mantener relaciones \u00edntimas. El sexo ha de llegar de manera libre y no forzar a la mujer a ello\u00bb.<\/p>\n<p>\n\t&nbsp;<\/p>\n<p>\n\tAs\u00ed pues, un t\u00e9cnico especializado en la materia impartir\u00e1 una charla en cada instituto mije\u00f1o para concienciar a la poblaci\u00f3n m\u00e1s joven. \u00abEs necesario educar en igualdad para que chicos y chicas mantengan relaciones basadas en el respeto hacia el otro sexo, donde este tipo de conductas no deben ser toleradas. Por otra parte, no debemos perder de vista la labor de sensibilizaci\u00f3n para prevenir conductas delictivas en hombres de edad adulta que, en ocasiones, no aprueban este tipo de agresiones pero act\u00faan como c\u00f3mplices al no denunciarlas\u00bb, a\u00f1ade Carmona.<\/p>\n<p>\n\t&nbsp;<\/p>\n<p>\n\tEsta campa\u00f1a ya se puso en marcha el a\u00f1o pasado haciendo especial hincapi\u00e9 en las fiestas, es decir, en los eventos donde coinciden los j\u00f3venes en un ambiente distendido y pueden producirse con m\u00e1s frecuencia este tipo de comportamientos, especialmente, cuando el alcohol entra a formar parte de la ecuaci\u00f3n de manera negativa.<\/p>\n<p>\n\t&nbsp;<\/p>\n<p>\n\t&#8216;No es No&#8217; est\u00e1 enmarcado dentro del programa pionero en la provincia de M\u00e1laga sobre la prevenci\u00f3n de agresiones hacia la mujer y la educaci\u00f3n afectivo sexual. Adem\u00e1s de esta actuaci\u00f3n existen otras dos campa\u00f1as que va a desarrollar el Consistorio en este \u00e1mbito: &#8216;Sumisi\u00f3n qu\u00edmica&#8217;, y &#8216;Educaci\u00f3n afectivo sexual&#8217;.<\/p>\n<p>\n\t&nbsp;<\/p>\n","protected":false},"excerpt":{"rendered":"<p>La edil de Igualdad, Mari Carmen Carmona (Cs), ha acudido esta ma\u00f1ana al IES de La Cala para el comienzo de esta iniciativa que hace especial hincapi\u00e9 en las relaciones basadas en el respeto entre sexos Mijas, 18 de abril de 2017.-Esta ma\u00f1ana ha arrancado en el IES de La Cala la campa\u00f1a &#8216;No es [&hellip;]<\/p>\n","protected":false},"author":1,"featured_media":8924,"comment_status":"closed","ping_status":"open","sticky":false,"template":"","format":"standard","meta":[],"categories":[19],"tags":[],"jetpack_featured_media_url":"https:\/\/www.mijas.es\/wp-content\/uploads\/2017\/04\/Image6003.jpg","_links":{"self":[{"href":"https:\/\/www.mijas.es\/portal\/wp-json\/wp\/v2\/posts\/6003"}],"collection":[{"href":"https:\/\/www.mijas.es\/portal\/wp-json\/wp\/v2\/posts"}],"about":[{"href":"https:\/\/www.mijas.es\/portal\/wp-json\/wp\/v2\/types\/post"}],"author":[{"embeddable":true,"href":"https:\/\/www.mijas.es\/portal\/wp-json\/wp\/v2\/users\/1"}],"replies":[{"embeddable":true,"href":"https:\/\/www.mijas.es\/portal\/wp-json\/wp\/v2\/comments?post=6003"}],"version-history":[{"count":0,"href":"https:\/\/www.mijas.es\/portal\/wp-json\/wp\/v2\/posts\/6003\/revisions"}],"wp:featuredmedia":[{"embeddable":true,"href":"https:\/\/www.mijas.es\/portal\/wp-json\/wp\/v2\/media\/8924"}],"wp:attachment":[{"href":"https:\/\/www.mijas.es\/portal\/wp-json\/wp\/v2\/media?parent=6003"}],"wp:term":[{"taxonomy":"category","embeddable":true,"href":"https:\/\/www.mijas.es\/portal\/wp-json\/wp\/v2\/categories?post=6003"},{"taxonomy":"post_tag","embeddable":true,"href":"https:\/\/www.mijas.es\/portal\/wp-json\/wp\/v2\/tags?post=6003"}],"curies":[{"name":"wp","href":"https:\/\/api.w.org\/{rel}","templated":true}]}}