{"id":6002,"date":"2017-04-20T05:20:16","date_gmt":"2017-04-20T05:20:16","guid":{"rendered":"http:\/\/localhost\/pruebaweb\/?p=6002"},"modified":"2017-04-20T05:20:16","modified_gmt":"2017-04-20T05:20:16","slug":"mijas-cierra-la-semana-santa-con-una-media-de-ocupacion-cercana-al-90-por-ciento","status":"publish","type":"post","link":"https:\/\/www.mijas.es\/portal\/mijas-cierra-la-semana-santa-con-una-media-de-ocupacion-cercana-al-90-por-ciento\/","title":{"rendered":"Mijas cierra la Semana Santa con una media de ocupaci&oacute;n cercana al 90 por ciento"},"content":{"rendered":"<p style=\"text-align: justify;\">\n\tLas visitas registradas en la oficina de turismo con un total de 5.382 visitantes, suben en 1.965 con respecto al a\u00f1o anterior<\/p>\n<p style=\"text-align: justify;\">\n\tEl turismo de origen nacional con un 33% encabeza los datos de visitantes por nacionalidades, seguido del turismo brit\u00e1nico con un 13 % del total de visitantes recibidos durante estos siete d\u00edas<\/p>\n<p><\/p>\n<p>\n\t<strong>Mijas, 18 de abril de 2017.-<\/strong>La concejala de Turismo, Fuensanta Lima (PSOE) ha realizado un balance muy positivo tras conocer los datos de alojamiento y visitas al municipio durante la Semana Santa de 2017.<\/p>\n<p>\n\t&nbsp;<\/p>\n<p>\n\t\u00abEstas fiestas nos dejan un balance muy positivo con respecto a los alojamientos y visitas tur\u00edsticas en Mijas\u00bb, se\u00f1ala la concejala \u00abunos datos en recogidos en parte por la oficina de turismo y como no gracias a la colaboraci\u00f3n del sector hotelero, a los que agradecemos la rapidez a la hora de facilitarnos los datos de ocupaci\u00f3n de estas d\u00edas previos al inicio de la temporada alta\u00bb.<\/p>\n<p>\n\t&nbsp;<\/p>\n<p>\n\tLa Semana Santa se iniciaba con una previsi\u00f3n de ocupaci\u00f3n cercana al 82%, \u00abuna previsi\u00f3n que hoy podemos decir que se ha superado y mejorado ya que, y a falta de los datos definitivos de un par de hoteles del municipio, se sit\u00faan por encima del 85%, en la l\u00ednea del promedio de la provincia que ha rondado el 87% seg\u00fan los \u00faltimos datos\u00bb, subraya Lima.<\/p>\n<p>\n\t&nbsp;<\/p>\n<p>\n\tLos datos registrados por la oficina de turismo exponen un aumento considerable de visitantes con respecto al a\u00f1o pasado con el incremento en 1.965 en el n\u00famero de personas que habr\u00edan pasado por las citadas oficinas. Adem\u00e1s, una media de 34 autobuses se habr\u00edan desplazado a diario al municipio para visitas, seg\u00fan los datos recogidos por parte del reci\u00e9n incorporado informador tur\u00edstico a la llegada de estos al municipio.<\/p>\n<p>\n\t&nbsp;<\/p>\n<p>\n\tEntre los d\u00edas de mayor afluencia destaca el mi\u00e9rcoles con la atenci\u00f3n a 1.435 personas en la oficina de turismo. \u00abEs precisamente este d\u00eda el de mayor afluencia tur\u00edstica en el resto de la provincia seg\u00fan los \u00faltimos datos conocidos\u00bb, explica la concejala, y que supone un hecho que \u00abvamos a tener muy en cuenta para el pr\u00f3ximo a\u00f1o a la hora de ampliar el servicio de lanzadera de transporte que en esta ocasi\u00f3n ha estado disponible de jueves a domingo\u00bb.<\/p>\n<p>\n\t&nbsp;<\/p>\n<p>\n\tEntre las nacionalidades de los visitantes durante estas fiestas destaca el turismo de origen nacional que ha supuesto un 33,5% del total de visitantes, seguido del turismo brit\u00e1nico con un 13,3%, as\u00ed como del turismo alem\u00e1n con un 6,8% y del franc\u00e9s con un 8,7%.&nbsp; \u00abEstos datos son muy necesarios para poder desarrollar las l\u00edneas de trabajo del Plan Estrat\u00e9gico en materia de turismo y que presentaremos en las pr\u00f3ximas semanas. No hablamos s\u00f3lo de abrir nuevos mercados, sino de consolidar aquellos que ya tenemos, reforzando as\u00ed nuestro destino\u00bb, insiste la concejala.<\/p>\n<p>\n\t&nbsp;<\/p>\n<p>\n\tLa concejala encargada de la delegaci\u00f3n de Turismo ha anunciado adem\u00e1s que en los pr\u00f3ximos d\u00edas se va a incorporar un nuevo informador tur\u00edstico para la recogida de datos a la llegada de los autobuses al municipio hasta las cinco de la tarde, en lo que es un servicio \u00abmuy importante para obtener los datos m\u00e1s reales posibles y desarrollar las siguientes acciones en materia tur\u00edstica para mimar a nuestros visitantes y consolidar nuestro destino como un referente de la Costa del Sol\u00bb.<\/p>\n<p>\n\t&nbsp;<\/p>\n","protected":false},"excerpt":{"rendered":"<p>Las visitas registradas en la oficina de turismo con un total de 5.382 visitantes, suben en 1.965 con respecto al a\u00f1o anterior El turismo de origen nacional con un 33% encabeza los datos de visitantes por nacionalidades, seguido del turismo brit\u00e1nico con un 13 % del total de visitantes recibidos durante estos siete d\u00edas Mijas, [&hellip;]<\/p>\n","protected":false},"author":1,"featured_media":8923,"comment_status":"closed","ping_status":"open","sticky":false,"template":"","format":"standard","meta":[],"categories":[19],"tags":[],"jetpack_featured_media_url":"https:\/\/www.mijas.es\/wp-content\/uploads\/2017\/04\/Image6002.jpg","_links":{"self":[{"href":"https:\/\/www.mijas.es\/portal\/wp-json\/wp\/v2\/posts\/6002"}],"collection":[{"href":"https:\/\/www.mijas.es\/portal\/wp-json\/wp\/v2\/posts"}],"about":[{"href":"https:\/\/www.mijas.es\/portal\/wp-json\/wp\/v2\/types\/post"}],"author":[{"embeddable":true,"href":"https:\/\/www.mijas.es\/portal\/wp-json\/wp\/v2\/users\/1"}],"replies":[{"embeddable":true,"href":"https:\/\/www.mijas.es\/portal\/wp-json\/wp\/v2\/comments?post=6002"}],"version-history":[{"count":0,"href":"https:\/\/www.mijas.es\/portal\/wp-json\/wp\/v2\/posts\/6002\/revisions"}],"wp:featuredmedia":[{"embeddable":true,"href":"https:\/\/www.mijas.es\/portal\/wp-json\/wp\/v2\/media\/8923"}],"wp:attachment":[{"href":"https:\/\/www.mijas.es\/portal\/wp-json\/wp\/v2\/media?parent=6002"}],"wp:term":[{"taxonomy":"category","embeddable":true,"href":"https:\/\/www.mijas.es\/portal\/wp-json\/wp\/v2\/categories?post=6002"},{"taxonomy":"post_tag","embeddable":true,"href":"https:\/\/www.mijas.es\/portal\/wp-json\/wp\/v2\/tags?post=6002"}],"curies":[{"name":"wp","href":"https:\/\/api.w.org\/{rel}","templated":true}]}}