{"id":6001,"date":"2017-04-20T05:19:10","date_gmt":"2017-04-20T05:19:10","guid":{"rendered":"http:\/\/localhost\/pruebaweb\/?p=6001"},"modified":"2017-04-20T05:19:10","modified_gmt":"2017-04-20T05:19:10","slug":"igualdad-pone-en-marcha-un-curso-de-mindfulness-para-el-grupo-de-mediadores-del-ceip-el-chaparral","status":"publish","type":"post","link":"https:\/\/www.mijas.es\/portal\/igualdad-pone-en-marcha-un-curso-de-mindfulness-para-el-grupo-de-mediadores-del-ceip-el-chaparral\/","title":{"rendered":"Igualdad pone en marcha un curso de mindfulness para el grupo de mediadores del CEIP El Chaparral"},"content":{"rendered":"<p style=\"text-align: justify;\">\n\tLa edil responsable del \u00e1rea, Mari Carmen Carmona (Cs), ha destacado el papel de estos menores en la intermediaci\u00f3n de los conflictos dentro del centro escolar<\/p>\n<p><\/p>\n<p>\n\t<strong>Mijas, 18 de abril de 2017.-<\/strong>La edil de Igualdad del Ayuntamiento de Mijas, Mari Carmen Carmona (Cs), ha asistido esta ma\u00f1ana a la charla sobre mindfulness impartida esta ma\u00f1ana en el CEIP El Chaparral y dirigida a los ni\u00f1os de 5\u00ba y 6\u00ba de Primaria que forman parte del programa de mediadores que lleva a cabo el centro educativo. \u00abEstos alumnos son los que tienen que mediar entre sus compa\u00f1eros bien sea en peque\u00f1os conflictos, problemas en el patio o en clase, o cualquier otro tipo de circunstancia que necesite de un intermediario. Por ello es interesante que se formen con profesionales y m\u00e1s en una t\u00e9cnica tan importante como es esta que gestiona de manera relajada las emociones\u00bb, se\u00f1ala Carmona.<\/p>\n<p>\n\tEl mindfulness es una t\u00e9cnica de meditaci\u00f3n que consiste en prestar atenci\u00f3n, momento a momento, a sentimientos, pensamientos, emociones, sensaciones del cuerpo y al ambiente sin juzgar si son correctos o no. La atenci\u00f3n se enfoca en lo que se percibe y en la b\u00fasqueda de soluciones sin dar pie a la preocupaci\u00f3n excesiva por los problemas y sus posibles causas y consecuencias.<\/p>\n<p>\n\t\u00abEstos ni\u00f1os aprenden esta t\u00e9cnica por parte de un experto y de ah\u00ed empiezan a trasmitirlo, no solo a sus compa\u00f1eros, sino a sus padres, a sus abuelos y a todos los que forman parte de su entorno\u00bb, concluye la edil.<\/p>\n<p>\n\t&nbsp;<\/p>\n","protected":false},"excerpt":{"rendered":"<p>La edil responsable del \u00e1rea, Mari Carmen Carmona (Cs), ha destacado el papel de estos menores en la intermediaci\u00f3n de los conflictos dentro del centro escolar Mijas, 18 de abril de 2017.-La edil de Igualdad del Ayuntamiento de Mijas, Mari Carmen Carmona (Cs), ha asistido esta ma\u00f1ana a la charla sobre mindfulness impartida esta ma\u00f1ana [&hellip;]<\/p>\n","protected":false},"author":1,"featured_media":8922,"comment_status":"closed","ping_status":"open","sticky":false,"template":"","format":"standard","meta":[],"categories":[19],"tags":[],"jetpack_featured_media_url":"https:\/\/www.mijas.es\/wp-content\/uploads\/2017\/04\/Image6001.jpg","_links":{"self":[{"href":"https:\/\/www.mijas.es\/portal\/wp-json\/wp\/v2\/posts\/6001"}],"collection":[{"href":"https:\/\/www.mijas.es\/portal\/wp-json\/wp\/v2\/posts"}],"about":[{"href":"https:\/\/www.mijas.es\/portal\/wp-json\/wp\/v2\/types\/post"}],"author":[{"embeddable":true,"href":"https:\/\/www.mijas.es\/portal\/wp-json\/wp\/v2\/users\/1"}],"replies":[{"embeddable":true,"href":"https:\/\/www.mijas.es\/portal\/wp-json\/wp\/v2\/comments?post=6001"}],"version-history":[{"count":0,"href":"https:\/\/www.mijas.es\/portal\/wp-json\/wp\/v2\/posts\/6001\/revisions"}],"wp:featuredmedia":[{"embeddable":true,"href":"https:\/\/www.mijas.es\/portal\/wp-json\/wp\/v2\/media\/8922"}],"wp:attachment":[{"href":"https:\/\/www.mijas.es\/portal\/wp-json\/wp\/v2\/media?parent=6001"}],"wp:term":[{"taxonomy":"category","embeddable":true,"href":"https:\/\/www.mijas.es\/portal\/wp-json\/wp\/v2\/categories?post=6001"},{"taxonomy":"post_tag","embeddable":true,"href":"https:\/\/www.mijas.es\/portal\/wp-json\/wp\/v2\/tags?post=6001"}],"curies":[{"name":"wp","href":"https:\/\/api.w.org\/{rel}","templated":true}]}}