{"id":6000,"date":"2017-04-20T05:18:08","date_gmt":"2017-04-20T05:18:08","guid":{"rendered":"http:\/\/localhost\/pruebaweb\/?p=6000"},"modified":"2017-04-20T05:18:08","modified_gmt":"2017-04-20T05:18:08","slug":"mijas-pone-en-marcha-cursos-gratuitos-para-los-voluntarios-del-municipio","status":"publish","type":"post","link":"https:\/\/www.mijas.es\/portal\/mijas-pone-en-marcha-cursos-gratuitos-para-los-voluntarios-del-municipio\/","title":{"rendered":"Mijas pone en marcha cursos gratuitos para los voluntarios del municipio"},"content":{"rendered":"<p style=\"text-align: justify;\">\n\tLa concejala de Voluntariado, Laura Moreno (PSOE), as\u00ed lo ha anunciado en la reuni\u00f3n con representantes de voluntarios del municipio<\/p>\n<p style=\"text-align: justify;\">\n\tEn las pr\u00f3ximas semana el \u00e1rea pondr\u00e1 en marcha una campa\u00f1a de captaci\u00f3n de voluntariado joven&nbsp;<\/p>\n<p><\/p>\n<p>\n\t<strong>Mijas, 18 de abril de 2017.-<\/strong>Fomento del empleo ha sido el lugar elegido para la reuni\u00f3n de voluntariado para informar sobre los cursos de formaci\u00f3n destinados a este colectivo y ofertados por la concejal\u00eda de forma gratuita.<\/p>\n<p>\n\t&nbsp;<\/p>\n<p>\n\t\u00abHoy nos volvemos a reunir con el tejido asociativo mije\u00f1o para informarles de la puesta en marcha de los cursos de formaci\u00f3n orientados a la labor que desempe\u00f1an a diario\u00bb, se\u00f1ala la concejala de Voluntariado, Laura Moreno, \u00abtras exponerle una bater\u00eda con posibles cursos en los que estuviesen interesados, los voluntarios han podido elegir que tres son los que finalmente se van a desarrollar y en que fechas se realizar\u00e1n\u00bb.<\/p>\n<p>\n\t&nbsp;<\/p>\n<p>\n\tDel total de cursos ofrecidos por el departamento, los elegidos finalmente por los voluntarios para que se impartan ser\u00e1n \u00abHabilidades sociales y preparaci\u00f3n emocional\u00bb, \u00abMetodolog\u00eda en materia de voluntariado\u00bb y \u00abDiscapacidad intelectual y del desarrollo: conductas discruptivas y su intervenci\u00f3n\u00bb. Estos se desarrollar\u00e1n en horario de cuatro a nueve los viernes 9 de junio, 15 de septiembre y 6 de octubre respectivamente en las instalaciones de Fomento del empleo, siendo un m\u00e1ximo de cincuenta las plazas ofertadas por curso.<\/p>\n<p>\n\t&nbsp;<\/p>\n<p>\n\t\u00abAdem\u00e1s durante la reuni\u00f3n hemos informado a nuestros voluntarios de la pr\u00f3xima puesta en marcha de la campa\u00f1a de captaci\u00f3n de voluntarios j\u00f3venes, dado que la es muy necesario que nuestros j\u00f3venes tambi\u00e9n se impliquen en este tipo de actividades dado que la media de edad de los voluntarios actuales se encuentra por encima de los 30 a\u00f1os\u00bb, explica Moreno, qui\u00e9n a\u00f1ade \u00abestas reuniones resultan muy positivas ya que se ponen en com\u00fan experiencias y necesidades de todas las asociaciones y colectivos a los que pertenecen estos voluntarios, estrechando lazos y colaborando entre ellos\u00bb.<\/p>\n<p>\n\t&nbsp;<\/p>\n<p>\n\t&nbsp;<\/p>\n<p>\n\tDesde la delegaci\u00f3n destacan la colaboraci\u00f3n con este colectivo y recuerdan que est\u00e1n abiertos a peticiones para colaborar en la captaci\u00f3n de voluntarios \u00aben el caso de Cudeca hace muy poco los apoyamos para realizar un llamamiento ante la falta de voluntarios para poder abrir su tienda de Fuengirola en horario de tarde. Un llamamiento que tuvo muy buena acogida ya que unas treinta personas se han puesto en contacto con la organizaci\u00f3n para colaborar en estas tienda\u00bb.<\/p>\n<p>\n\t&nbsp;<\/p>\n<p>\n\tUna colaboraci\u00f3n que agradece la Natividad G\u00f3mez, t\u00e9cnico de voluntariado de dicha organizaci\u00f3n presente en la charla \u00abes muy interesante conocer a representantes de otras asociaciones y que el Ayuntamiento ponga a disposici\u00f3n de nuestros voluntarios distintos tipos de cursos y para captar voluntarios\u00bb. Asimismo, Isabel P\u00e9rez, voluntaria de la Asociaci\u00f3n Espa\u00f1ola Contra el C\u00e1ncer, explica que \u00abes bueno que nos reunamos para contarnos las novedades y para intercambiar necesidades puntuales. Adem\u00e1s es muy importante que la gente joven conozca el servicio que se presta a la sociedad a trav\u00e9s del voluntariado\u00bb.<\/p>\n<p>\n\t&nbsp;<\/p>\n<p>\n\tPor \u00faltimo desde el departamento recuerdan que pueden ponerse en contacto con ellos a trav\u00e9s del tel\u00e9fono 951 26 02 83, a trav\u00e9s del email <a href=\"mailto:voluntariado@mijas.es\">voluntariado@mijas.es<\/a> o directamente en las instalaciones situadas en Fomento del empleo. Adem\u00e1s los interesados pueden estar al d\u00eda de las novedades&nbsp; a trav\u00e9s de la red social Facebook en el perfil de Voluntariado por Mijas.<\/p>\n<p>\n\t&nbsp;<\/p>\n<p>\n\t&nbsp;<\/p>\n<p>\n\t&nbsp;<\/p>\n<p>\n\t&nbsp;<\/p>\n<p>\n\t&nbsp;<\/p>\n<p>\n\t&nbsp;<\/p>\n<p>\n\t&nbsp;<\/p>\n<p>\n\t&nbsp;<\/p>\n","protected":false},"excerpt":{"rendered":"<p>La concejala de Voluntariado, Laura Moreno (PSOE), as\u00ed lo ha anunciado en la reuni\u00f3n con representantes de voluntarios del municipio En las pr\u00f3ximas semana el \u00e1rea pondr\u00e1 en marcha una campa\u00f1a de captaci\u00f3n de voluntariado joven&nbsp; Mijas, 18 de abril de 2017.-Fomento del empleo ha sido el lugar elegido para la reuni\u00f3n de voluntariado para [&hellip;]<\/p>\n","protected":false},"author":1,"featured_media":8921,"comment_status":"closed","ping_status":"open","sticky":false,"template":"","format":"standard","meta":[],"categories":[19],"tags":[],"jetpack_featured_media_url":"https:\/\/www.mijas.es\/wp-content\/uploads\/2017\/04\/Image6000.jpg","_links":{"self":[{"href":"https:\/\/www.mijas.es\/portal\/wp-json\/wp\/v2\/posts\/6000"}],"collection":[{"href":"https:\/\/www.mijas.es\/portal\/wp-json\/wp\/v2\/posts"}],"about":[{"href":"https:\/\/www.mijas.es\/portal\/wp-json\/wp\/v2\/types\/post"}],"author":[{"embeddable":true,"href":"https:\/\/www.mijas.es\/portal\/wp-json\/wp\/v2\/users\/1"}],"replies":[{"embeddable":true,"href":"https:\/\/www.mijas.es\/portal\/wp-json\/wp\/v2\/comments?post=6000"}],"version-history":[{"count":0,"href":"https:\/\/www.mijas.es\/portal\/wp-json\/wp\/v2\/posts\/6000\/revisions"}],"wp:featuredmedia":[{"embeddable":true,"href":"https:\/\/www.mijas.es\/portal\/wp-json\/wp\/v2\/media\/8921"}],"wp:attachment":[{"href":"https:\/\/www.mijas.es\/portal\/wp-json\/wp\/v2\/media?parent=6000"}],"wp:term":[{"taxonomy":"category","embeddable":true,"href":"https:\/\/www.mijas.es\/portal\/wp-json\/wp\/v2\/categories?post=6000"},{"taxonomy":"post_tag","embeddable":true,"href":"https:\/\/www.mijas.es\/portal\/wp-json\/wp\/v2\/tags?post=6000"}],"curies":[{"name":"wp","href":"https:\/\/api.w.org\/{rel}","templated":true}]}}