{"id":5999,"date":"2017-04-20T05:16:23","date_gmt":"2017-04-20T05:16:23","guid":{"rendered":"http:\/\/localhost\/pruebaweb\/?p=5999"},"modified":"2017-04-20T05:16:23","modified_gmt":"2017-04-20T05:16:23","slug":"mijas-celebra-el-proximo-sabado-22-una-velada-para-proclamar-el-titulo-mundial-de-kick-boxing","status":"publish","type":"post","link":"https:\/\/www.mijas.es\/portal\/mijas-celebra-el-proximo-sabado-22-una-velada-para-proclamar-el-titulo-mundial-de-kick-boxing\/","title":{"rendered":"Mijas celebra el pr&oacute;ximo s&aacute;bado 22 una velada para proclamar el t&iacute;tulo mundial de Kick Boxing"},"content":{"rendered":"<p style=\"text-align: justify;\">\n\tEl evento tendr\u00e1 lugar en el pabell\u00f3n de la Ciudad Deportiva de Las Lagunas a partir de las 20 horas&nbsp;<\/p>\n<p><\/p>\n<p>\n\t<strong>Mijas, 18 de abril de 2017.-<\/strong>La edil de Deportes, Nuria Rodr\u00edguez (Cs), ha presentado esta ma\u00f1ana la velada de Kick Boxing en la cual se proclamar\u00e1 el campe\u00f3n mundial en dicha materia deportiva. El evento tendr\u00e1 lugar el pr\u00f3ximo s\u00e1bado 22 en el pabell\u00f3n de la Ciudad Deportiva de Las Lagunas a partir de las 20 horas. \u00abDesde este departamento estamos muy contentos de contar con campeonatos tan importantes como este t\u00edtulo mundial, y m\u00e1s a\u00fan con este tipo de deporte que entrena con una gran disciplina y valores a pesar de ser un deporte de contacto\u00bb, apunta la concejala.<\/p>\n<p>\n\t&nbsp;<\/p>\n<p>\n\tAs\u00ed pues, el torneo realiza 12 combates de los cuales, 10 se dedican a la categor\u00eda de K1 y otros dos a MMA. La primera materia es una de las partes del kick boxing del que cada combate es de tres asaltos y cada uno de estos dura tres minutos, mientras que la modalidad de MMA combina artes marciales mixtas con t\u00e9cnicas espec\u00edficas, tanto arriba como en el suelo, y una duraci\u00f3n mayor de los asaltos.<\/p>\n<p>\n\t&nbsp;<\/p>\n<p>\n\tCabe destacar, que el municipio mije\u00f1o va a contar con dos representantes de cada materia deportiva como son Victoria Lomax en K1 e Imad Bouamri en MMA. \u00abEstamos seguros que ambos van a conseguir una buen\u00edsimos resultados ya que son los mejores representantes que podemos tener. Desde el Ayuntamiento les deseamos mucha suerte, aunque no la van a necesitar\u00bb, concluye Rodr\u00edguez.<\/p>\n<p>\n\t&nbsp;<\/p>\n<p>\n\t&nbsp;<\/p>\n","protected":false},"excerpt":{"rendered":"<p>El evento tendr\u00e1 lugar en el pabell\u00f3n de la Ciudad Deportiva de Las Lagunas a partir de las 20 horas&nbsp; Mijas, 18 de abril de 2017.-La edil de Deportes, Nuria Rodr\u00edguez (Cs), ha presentado esta ma\u00f1ana la velada de Kick Boxing en la cual se proclamar\u00e1 el campe\u00f3n mundial en dicha materia deportiva. El evento [&hellip;]<\/p>\n","protected":false},"author":1,"featured_media":8920,"comment_status":"closed","ping_status":"open","sticky":false,"template":"","format":"standard","meta":[],"categories":[19],"tags":[],"jetpack_featured_media_url":"https:\/\/www.mijas.es\/wp-content\/uploads\/2017\/04\/Image5999.jpg","_links":{"self":[{"href":"https:\/\/www.mijas.es\/portal\/wp-json\/wp\/v2\/posts\/5999"}],"collection":[{"href":"https:\/\/www.mijas.es\/portal\/wp-json\/wp\/v2\/posts"}],"about":[{"href":"https:\/\/www.mijas.es\/portal\/wp-json\/wp\/v2\/types\/post"}],"author":[{"embeddable":true,"href":"https:\/\/www.mijas.es\/portal\/wp-json\/wp\/v2\/users\/1"}],"replies":[{"embeddable":true,"href":"https:\/\/www.mijas.es\/portal\/wp-json\/wp\/v2\/comments?post=5999"}],"version-history":[{"count":0,"href":"https:\/\/www.mijas.es\/portal\/wp-json\/wp\/v2\/posts\/5999\/revisions"}],"wp:featuredmedia":[{"embeddable":true,"href":"https:\/\/www.mijas.es\/portal\/wp-json\/wp\/v2\/media\/8920"}],"wp:attachment":[{"href":"https:\/\/www.mijas.es\/portal\/wp-json\/wp\/v2\/media?parent=5999"}],"wp:term":[{"taxonomy":"category","embeddable":true,"href":"https:\/\/www.mijas.es\/portal\/wp-json\/wp\/v2\/categories?post=5999"},{"taxonomy":"post_tag","embeddable":true,"href":"https:\/\/www.mijas.es\/portal\/wp-json\/wp\/v2\/tags?post=5999"}],"curies":[{"name":"wp","href":"https:\/\/api.w.org\/{rel}","templated":true}]}}