{"id":5998,"date":"2017-04-18T06:27:30","date_gmt":"2017-04-18T06:27:30","guid":{"rendered":"http:\/\/localhost\/pruebaweb\/?p=5998"},"modified":"2017-04-18T06:27:30","modified_gmt":"2017-04-18T06:27:30","slug":"el-ies-sierra-mijas-acogera-la-charla-informativa-riesgos-para-adolescentes-del-consumo-de-tabaco-en-cachimbas-y-otros-dispositivos","status":"publish","type":"post","link":"https:\/\/www.mijas.es\/portal\/el-ies-sierra-mijas-acogera-la-charla-informativa-riesgos-para-adolescentes-del-consumo-de-tabaco-en-cachimbas-y-otros-dispositivos\/","title":{"rendered":"El IES Sierra Mijas acoger&aacute; la charla informativa &lsquo;Riesgos para adolescentes del consumo de tabaco en cachimbas y otros dispositivos&rsquo;"},"content":{"rendered":"<p style=\"text-align: justify;\">\n\tLa charla que cuenta con la colaboraci\u00f3n del Ayuntamiento de Mijas tendr\u00e1 lugar el pr\u00f3ximo viernes 21 a partir de las cinco y media de la tarde<\/p>\n<p><\/p>\n<p>\n\t<strong>Mijas, 17 abril 2017.- <\/strong>&nbsp;La concejala de Sanidad, Mar\u00eda del Carmen Gonz\u00e1lez (PSOE), ha anunciado hoy la charla informativa impulsada por el AMPA del Instituto Sierra de Mijas sobre los riesgos del consumo de tabaco en cachimbas y otros dispositivos para adolescentes.<\/p>\n<p>\n\t&nbsp;<\/p>\n<p>\n\tSeg\u00fan explica la concejala \u00abdesde hace unos a\u00f1os venimos observando como el consumo de tabaco en cachimbas entre adolescentes se ha extendido, convirti\u00e9ndose incluso en unos de los regalos estrella estas \u00faltimas navidades\u00bb. Este hecho \u00abcon su uso extendido entre la poblaci\u00f3n joven debido a su car\u00e1cter social y a su aspecto de inocuo es uno de los motivos que motivan la realizaci\u00f3n de este tipo de charlas\u00bb.<\/p>\n<p>\n\t&nbsp;<\/p>\n<p>\n\tSeg\u00fan se\u00f1alan desde el departamento de Sanidad el uso de este tipo de mecanismos, lejos de ser inocuos, son perjudiciales para la salud ya que seg\u00fan explican \u00ablos agentes de combusti\u00f3n emiten compuestos t\u00f3xicos, como el mon\u00f3xido de carbono, adem\u00e1s de que las sustancias t\u00f3xicas presentes como el alquitr\u00e1n, pasan directamente al conducto respiratorio\u00bb.<\/p>\n<p>\n\t&nbsp;<\/p>\n<p>\n\tLa charla que tendr\u00e1 lugar en el citado centro, ser\u00e1 impartida por Ana Bel\u00e9n Garc\u00eda, psic\u00f3loga del departamento de Sanidad y contar\u00e1 con la colaboraci\u00f3n del Distrito Sanitario con la participaci\u00f3n del enfermero, Miguel Gallardo, quienes resolver\u00e1n las dudas de los asistentes sobre la tem\u00e1tica.<\/p>\n<p>\n\t&nbsp;<\/p>\n<p>\n\tAsimismo, la concejala subraya que \u00abprecisamente los sabores suaves y agradables de esta mezcla facilitan el hecho de que j\u00f3venes no consumidores de tabaco se conviertan en futuros fumadores, con los riesgos sanitarios que esto conlleva\u00bb, y a\u00f1ade \u00abLa prevenci\u00f3n es fundamental en este tipo de edades, por lo que este tipo de charlas est\u00e1n dirigidas no s\u00f3lo a los alumnos sino tambi\u00e9n a los padres con el claro objetivo de colaborar en la tarea educativa respecto a este tema\u00bb.<\/p>\n","protected":false},"excerpt":{"rendered":"<p>La charla que cuenta con la colaboraci\u00f3n del Ayuntamiento de Mijas tendr\u00e1 lugar el pr\u00f3ximo viernes 21 a partir de las cinco y media de la tarde Mijas, 17 abril 2017.- &nbsp;La concejala de Sanidad, Mar\u00eda del Carmen Gonz\u00e1lez (PSOE), ha anunciado hoy la charla informativa impulsada por el AMPA del Instituto Sierra de Mijas [&hellip;]<\/p>\n","protected":false},"author":1,"featured_media":8918,"comment_status":"closed","ping_status":"open","sticky":false,"template":"","format":"standard","meta":[],"categories":[19],"tags":[],"jetpack_featured_media_url":"https:\/\/www.mijas.es\/wp-content\/uploads\/2017\/04\/Image5998.jpg","_links":{"self":[{"href":"https:\/\/www.mijas.es\/portal\/wp-json\/wp\/v2\/posts\/5998"}],"collection":[{"href":"https:\/\/www.mijas.es\/portal\/wp-json\/wp\/v2\/posts"}],"about":[{"href":"https:\/\/www.mijas.es\/portal\/wp-json\/wp\/v2\/types\/post"}],"author":[{"embeddable":true,"href":"https:\/\/www.mijas.es\/portal\/wp-json\/wp\/v2\/users\/1"}],"replies":[{"embeddable":true,"href":"https:\/\/www.mijas.es\/portal\/wp-json\/wp\/v2\/comments?post=5998"}],"version-history":[{"count":0,"href":"https:\/\/www.mijas.es\/portal\/wp-json\/wp\/v2\/posts\/5998\/revisions"}],"wp:featuredmedia":[{"embeddable":true,"href":"https:\/\/www.mijas.es\/portal\/wp-json\/wp\/v2\/media\/8918"}],"wp:attachment":[{"href":"https:\/\/www.mijas.es\/portal\/wp-json\/wp\/v2\/media?parent=5998"}],"wp:term":[{"taxonomy":"category","embeddable":true,"href":"https:\/\/www.mijas.es\/portal\/wp-json\/wp\/v2\/categories?post=5998"},{"taxonomy":"post_tag","embeddable":true,"href":"https:\/\/www.mijas.es\/portal\/wp-json\/wp\/v2\/tags?post=5998"}],"curies":[{"name":"wp","href":"https:\/\/api.w.org\/{rel}","templated":true}]}}