{"id":5997,"date":"2017-04-18T06:26:28","date_gmt":"2017-04-18T06:26:28","guid":{"rendered":"http:\/\/localhost\/pruebaweb\/?p=5997"},"modified":"2017-04-18T06:26:28","modified_gmt":"2017-04-18T06:26:28","slug":"igualdad-lanza-un-programa-pionero-en-malaga-de-prevencion-de-agresiones-y-educacion-afectivo-sexual","status":"publish","type":"post","link":"https:\/\/www.mijas.es\/portal\/igualdad-lanza-un-programa-pionero-en-malaga-de-prevencion-de-agresiones-y-educacion-afectivo-sexual\/","title":{"rendered":"Igualdad lanza un programa pionero en M&aacute;laga de prevenci&oacute;n de agresiones y educaci&oacute;n afectivo sexual"},"content":{"rendered":"<p style=\"text-align: justify;\">\n\tEl Ayuntamiento cuenta, entre otras, con la colaboraci\u00f3n del Hospital Costa del Sol y del Instituto de Medicina Legal de la capital<\/p>\n<p style=\"text-align: justify;\">\n\tLa acci\u00f3n va dirigida a los alumnos de secundaria de la ciudad y se divide en tres campa\u00f1as: &#8216;Sumisi\u00f3n qu\u00edmica&#8217;, &#8216;NO es NO&#8217; y &#8216;Educaci\u00f3n afectivo sexual&#8217;<\/p>\n<p><\/p>\n<p>\n\t<strong>Mijas, 17 de abril de 2017.-<\/strong>El \u00e1rea de Igualdad del Ayuntamiento de Mijas, coordinada por la edil, Mari Carmen Carmona (Cs), ha puesto en marcha un programa pionero en la provincia de M\u00e1laga sobre la prevenci\u00f3n de agresiones hacia la mujer y la educaci\u00f3n afectivo sexual dirigida a los j\u00f3venes de secundaria del municipio. La acci\u00f3n se basa en diferentes charlas informativas y se divide en tres campa\u00f1as: &#8216;Sumisi\u00f3n qu\u00edmica&#8217;, &#8216;NO es NO&#8217; y &#8216;Educaci\u00f3n afectivo sexual&#8217;. A la presentaci\u00f3n de esta iniciativa han acudido, adem\u00e1s de la representante municipal, la m\u00e9dico de Urgencias y coordinadora de la comisi\u00f3n de violencia de g\u00e9nero del Hospital Costa del Sol, Carmen Ag\u00fcera y la enfermera encargada de este \u00e1rea, Yolanda Jim\u00e9nez. Este centro hospitalario es precursor en la detecci\u00f3n de la burundanga en violaciones. \u00abSomos el primer Ayuntamiento que contamos con estos expertos para realizar una iniciativa de concienciaci\u00f3n y sensibilizaci\u00f3n entre la poblaci\u00f3n. Es importante dirigirnos, especialmente, al p\u00fablico m\u00e1s joven ya que son las adolescentes las que corren un riesgo mayor ante este tipo de abusos\u00bb, se\u00f1ala la concejala.<\/p>\n<p>\n\t&nbsp;<\/p>\n<p>\n\tAs\u00ed pues, la primera campa\u00f1a que se ha presentado esta ma\u00f1ana es la denominada &#8216;Sumisi\u00f3n qu\u00edmica&#8217; para evitar las agresiones sexuales a trav\u00e9s de diferentes sustancias. \u00abPusimos en marcha un procedimiento nacido de nuestra propia inquietud y preocupaci\u00f3n al observar que muchas v\u00edctimas de agresiones sexuales que llegaban a urgencias no recordaban qu\u00e9 hab\u00eda pasado ni c\u00f3mo hab\u00edan llegado a esa situaci\u00f3n. Sospechamos que se podr\u00eda tratar de alg\u00fan componente para adormecerlas pero no pod\u00edamos saberlo de manera fehaciente\u00bb, comenta Ag\u00fcera quien a\u00f1ade que, a ra\u00edz de estas experiencias, \u00abel hospital se puso en contacto con los representantes del Instituto M\u00e9dico Legal para coordinar este protocolo y poder analizar las sustancias\u00bb.<\/p>\n<p>\n\t&nbsp;<\/p>\n<p>\n\tEn este sentido, las charlas, que ser\u00e1n impartidas por ambas profesionales del centro hospitalario, tienen como objetivo la concienciaci\u00f3n y la sensibilizaci\u00f3n respecto a este tema. \u00abEs bueno conocer cu\u00e1les son esos elementos y de qu\u00e9 forma se administran o c\u00f3mo se pueden consumir por estos adolescentes sin saber que los est\u00e1n tomando y, por lo tanto, anulando completamente su voluntad\u00bb, concluye Ag\u00fcera.<\/p>\n<p>\n\t&nbsp;<\/p>\n<p>\n\tAparte de esta iniciativa, dentro del programa aparece una segunda campa\u00f1a que ya se llev\u00f3 a cabo el a\u00f1o pasado: &#8216;NO es NO\u00bb. \u00abTenemos que educar a nuestros j\u00f3venes en el respeto y erradicar comportamientos sexistas arraigados en la sociedad en lo referente a las relaciones. Por ejemplo, inculcarles que un beso no tiene por qu\u00e9 acabar en una relaci\u00f3n sexual o que si una chica decide llevar una falda corta no tiene por qu\u00e9 buscar nada. Es decir, nosotros abogamos que las relaciones sexuales tienen que llegar de manera libre y no forzar a la mujer a ello\u00bb, se\u00f1ala la edil quien apunta que \u00abesta iniciativa hace hincapi\u00e9, sobre todo, en las fiestas donde, adem\u00e1s, el alcohol puede jugar un papel bastante negativo\u00bb.<\/p>\n<p>\n\t&nbsp;<\/p>\n<p>\n\tFinalmente, el programa recoge la campa\u00f1a de &#8216;Educaci\u00f3n afectivo sexual&#8217; que consiste en la adquisici\u00f3n de aptitudes, creencias y valores a trav\u00e9s de la sexualidad. No s\u00f3lo se trata de educaci\u00f3n puramente sexual, sino de hacer hincapi\u00e9 en la necesidad de crecimiento y madurez emocional y afectiva para enfocar las relaciones como algo m\u00e1s all\u00e1 de un acto puramente sexual y ef\u00edmero. Aparte de esto, las charlas enmarcadas en esta iniciativa pretenden potenciar la seguridad en las relaciones sexuales entre los j\u00f3venes.<\/p>\n<p>\n\t&nbsp;<\/p>\n","protected":false},"excerpt":{"rendered":"<p>El Ayuntamiento cuenta, entre otras, con la colaboraci\u00f3n del Hospital Costa del Sol y del Instituto de Medicina Legal de la capital La acci\u00f3n va dirigida a los alumnos de secundaria de la ciudad y se divide en tres campa\u00f1as: &#8216;Sumisi\u00f3n qu\u00edmica&#8217;, &#8216;NO es NO&#8217; y &#8216;Educaci\u00f3n afectivo sexual&#8217; Mijas, 17 de abril de 2017.-El [&hellip;]<\/p>\n","protected":false},"author":1,"featured_media":8917,"comment_status":"closed","ping_status":"open","sticky":false,"template":"","format":"standard","meta":[],"categories":[19],"tags":[],"jetpack_featured_media_url":"https:\/\/www.mijas.es\/wp-content\/uploads\/2017\/04\/Image5997.jpg","_links":{"self":[{"href":"https:\/\/www.mijas.es\/portal\/wp-json\/wp\/v2\/posts\/5997"}],"collection":[{"href":"https:\/\/www.mijas.es\/portal\/wp-json\/wp\/v2\/posts"}],"about":[{"href":"https:\/\/www.mijas.es\/portal\/wp-json\/wp\/v2\/types\/post"}],"author":[{"embeddable":true,"href":"https:\/\/www.mijas.es\/portal\/wp-json\/wp\/v2\/users\/1"}],"replies":[{"embeddable":true,"href":"https:\/\/www.mijas.es\/portal\/wp-json\/wp\/v2\/comments?post=5997"}],"version-history":[{"count":0,"href":"https:\/\/www.mijas.es\/portal\/wp-json\/wp\/v2\/posts\/5997\/revisions"}],"wp:featuredmedia":[{"embeddable":true,"href":"https:\/\/www.mijas.es\/portal\/wp-json\/wp\/v2\/media\/8917"}],"wp:attachment":[{"href":"https:\/\/www.mijas.es\/portal\/wp-json\/wp\/v2\/media?parent=5997"}],"wp:term":[{"taxonomy":"category","embeddable":true,"href":"https:\/\/www.mijas.es\/portal\/wp-json\/wp\/v2\/categories?post=5997"},{"taxonomy":"post_tag","embeddable":true,"href":"https:\/\/www.mijas.es\/portal\/wp-json\/wp\/v2\/tags?post=5997"}],"curies":[{"name":"wp","href":"https:\/\/api.w.org\/{rel}","templated":true}]}}