{"id":59968,"date":"2025-01-13T12:44:03","date_gmt":"2025-01-13T11:44:03","guid":{"rendered":"https:\/\/www.mijas.es\/portal\/?p=59968"},"modified":"2025-01-13T12:44:04","modified_gmt":"2025-01-13T11:44:04","slug":"el-area-de-juventud-del-ayuntamiento-de-mijas-organiza-una-excursion-al-caminito-del-rey","status":"publish","type":"post","link":"https:\/\/www.mijas.es\/portal\/el-area-de-juventud-del-ayuntamiento-de-mijas-organiza-una-excursion-al-caminito-del-rey\/","title":{"rendered":"El \u00e1rea de Juventud del Ayuntamiento de Mijas organiza una excursi\u00f3n al Caminito del Rey"},"content":{"rendered":"\n<ul>\n<li>El plazo de inscripci\u00f3n ya est\u00e1 abierto y los interesados pueden reservar su plaza a trav\u00e9s del registro de entrada municipal o mediante sede electr\u00f3nica<\/li>\n\n\n\n<li>El viaje tendr\u00e1 lugar el pr\u00f3ximo 1 de febrero y est\u00e1 destinado a empadronados en el municipio<\/li>\n<\/ul>\n\n\n\n<p><strong>Mijas, 13 de enero de 2025<\/strong>.- El calendario de actividades del \u00e1rea de Juventud del Ayuntamiento de <strong>Mijas <\/strong>no cesa y una prueba de ello es la pr\u00f3xima excursi\u00f3n que est\u00e1 destinada a empadronados en el municipio. Se trata de una excursi\u00f3n el pr\u00f3ximo d\u00eda 1 de febrero al conocido Caminito del Rey que incluye, adem\u00e1s del desplazamiento, la entrada.<\/p>\n\n\n\n<p>Debido a que las plazas son limitadas (45) se ha establecido un periodo de inscripci\u00f3n para los interesados. De este modo, los que quieran participar podr\u00e1n presentar sus solicitudes en cualquier registro de entrada municipal o a trav\u00e9s de la sede electr\u00f3nica. Las plazas se asignar\u00e1n por orden de registro y la celebraci\u00f3n de la excursi\u00f3n esta supeditada a un m\u00ednimo de solicitantes.<\/p>\n\n\n\n<p>\u201cEs una actividades pensada para los mije\u00f1os de m\u00e1s de nueve a\u00f1os, aunque aquellos que tengan menos de 16 deber\u00e1n ir acompa\u00f1ados. Las plazas son limitadas por lo que animo a quienes quieran participar que se inscriban cuanto antes\u201d, ha explicado la edil de Juventud, M\u00aa Francisca Alarc\u00f3n.<\/p>\n\n\n\n<p>El autob\u00fas partir\u00e1 el 1 de febrero a las 7:00 horas desde el parque acu\u00e1tico y est\u00e1 previsto que la visita al Caminito del Rey comience a las 9:20 horas.<\/p>\n","protected":false},"excerpt":{"rendered":"<p>Mijas, 13 de enero de 2025.- El calendario de actividades del \u00e1rea de Juventud del Ayuntamiento de Mijas no cesa y una prueba de ello es la pr\u00f3xima excursi\u00f3n que est\u00e1 destinada a empadronados en el municipio. Se trata de una excursi\u00f3n el pr\u00f3ximo d\u00eda 1 de febrero al conocido Caminito del Rey que incluye, [&hellip;]<\/p>\n","protected":false},"author":1,"featured_media":59972,"comment_status":"closed","ping_status":"open","sticky":false,"template":"","format":"standard","meta":[],"categories":[22,122,9,19],"tags":[],"jetpack_featured_media_url":"https:\/\/www.mijas.es\/wp-content\/uploads\/2025\/01\/Excursion-Caminito-del-Rey.jpg","_links":{"self":[{"href":"https:\/\/www.mijas.es\/portal\/wp-json\/wp\/v2\/posts\/59968"}],"collection":[{"href":"https:\/\/www.mijas.es\/portal\/wp-json\/wp\/v2\/posts"}],"about":[{"href":"https:\/\/www.mijas.es\/portal\/wp-json\/wp\/v2\/types\/post"}],"author":[{"embeddable":true,"href":"https:\/\/www.mijas.es\/portal\/wp-json\/wp\/v2\/users\/1"}],"replies":[{"embeddable":true,"href":"https:\/\/www.mijas.es\/portal\/wp-json\/wp\/v2\/comments?post=59968"}],"version-history":[{"count":1,"href":"https:\/\/www.mijas.es\/portal\/wp-json\/wp\/v2\/posts\/59968\/revisions"}],"predecessor-version":[{"id":59969,"href":"https:\/\/www.mijas.es\/portal\/wp-json\/wp\/v2\/posts\/59968\/revisions\/59969"}],"wp:featuredmedia":[{"embeddable":true,"href":"https:\/\/www.mijas.es\/portal\/wp-json\/wp\/v2\/media\/59972"}],"wp:attachment":[{"href":"https:\/\/www.mijas.es\/portal\/wp-json\/wp\/v2\/media?parent=59968"}],"wp:term":[{"taxonomy":"category","embeddable":true,"href":"https:\/\/www.mijas.es\/portal\/wp-json\/wp\/v2\/categories?post=59968"},{"taxonomy":"post_tag","embeddable":true,"href":"https:\/\/www.mijas.es\/portal\/wp-json\/wp\/v2\/tags?post=59968"}],"curies":[{"name":"wp","href":"https:\/\/api.w.org\/{rel}","templated":true}]}}