{"id":5996,"date":"2017-04-18T06:25:24","date_gmt":"2017-04-18T06:25:24","guid":{"rendered":"http:\/\/localhost\/pruebaweb\/?p=5996"},"modified":"2017-04-18T06:25:24","modified_gmt":"2017-04-18T06:25:24","slug":"llega-a-mijas-el-dia-del-libro-con-actividades-para-todas-las-edades","status":"publish","type":"post","link":"https:\/\/www.mijas.es\/portal\/llega-a-mijas-el-dia-del-libro-con-actividades-para-todas-las-edades\/","title":{"rendered":"Llega a Mijas el D&iacute;a del Libro con actividades para todas las edades"},"content":{"rendered":"<p style=\"text-align: justify;\">\n\tEl Consistorio anuncia actividades para todas las edades con motivo del D\u00eda internacional del Libro y que contar\u00e1n con la colaboraci\u00f3n de asociaciones culturales del municipio&nbsp;<\/p>\n<p><\/p>\n<p>\n\t<strong>Mijas, 17 abril 2017.- <\/strong>&nbsp;El concejal de Educaci\u00f3n, Hip\u00f3lito Zapico (PSOE), ha presentado el programa de actividades previsto para el D\u00eda del Libro por el Consistorio y que contar\u00e1n con la colaboraci\u00f3n de Ateneo Mijas, la Asociaci\u00f3n de Vecinos de Riviera del Sol y Espacio DRANG.<\/p>\n<p>\n\t&nbsp;<\/p>\n<p>\n\t\u00abPor parte del Ayuntamiento estamos siempre dispuestos a incluir las iniciativas vecinales y de las diferentes asociaciones de nuestro municipio al programa previsto por el departamento\u00bb, se\u00f1ala el concejal \u00abdesde el Consistorio apostamos por aunar esfuerzos y colaborar con todos los entes y asociaciones para la puesta en marcha de iniciativas culturales y de ocio en beneficio de nuestros vecinos\u00bb.<\/p>\n<p>\n\t&nbsp;<\/p>\n<p>\n\tDesde el Consistorio incluyen as\u00ed en la programaci\u00f3n general de actividades previstas por la delegaci\u00f3n, los actos de Ateneo Mijas. Unas actividades que seg\u00fan recuerda Zapico \u00abvan m\u00e1s all\u00e1 de un solo d\u00eda, con la puesta en marcha de un programa de dinamizaci\u00f3n de bibliotecas que est\u00e1 activo desde el pasado mes de octubre y que cuenta con actividades para todas las edades y gustos\u00bb.<\/p>\n<p>\n\t&nbsp;<\/p>\n<p>\n\tCon motivo de la conmemoraci\u00f3n del d\u00eda del libro el pr\u00f3ximo 23 de abril, se van a realizar una serie de actividades que girar\u00e1n en torno a la figura y obra de Gloria Fuertes y Miguel Hern\u00e1ndez. De este modo las bibliotecas de Mijas acoger\u00e1n actividades que variar\u00e1n desde cuenta cuentos, teatro infantil o presentaci\u00f3n de novedades bibliogr\u00e1ficas entre otras.<\/p>\n<p>\n\t&nbsp;<\/p>\n<p>\n\tTal y como recuerda el concejal de Educaci\u00f3n y bibliotecas, en el caso de la autora Gloria Fuertes, ya se ha puesto en marcha una iniciativa en colaboraci\u00f3n con los centros escolares del municipio a trav\u00e9s de la cu\u00e1l se va a dar a conocer su obra mediante actividades interactivas y que ya est\u00e1n teniendo lugar en las bibliotecas del municipio. \u00abAdem\u00e1s tenemos ya en marcha un concurso de separadores de teatro infantiles, gymkhanas para adolescentes o lecturas de c\u00f3mic manga, todas ellas orientadas a promover la lectura entre los m\u00e1s j\u00f3venes del municipio\u00bb, subraya.<\/p>\n<p>\n\t&nbsp;<\/p>\n<p>\n\tAsimismo el pr\u00f3ximo domingo 23 de abril quienes los deseen podr\u00e1n participar de la actividad \u00abAteneo Mijas con los autores\u00bb que tendr\u00e1 lugar en la Plaza Virgen de la Pe\u00f1a en Mijas Pueblo, en el Parque de Andaluc\u00eda de Las Lagunas y en el Paseo Mar\u00edtimo de La Cala en horario de 10 a 14 y de 16 a 20 horas.&nbsp;<\/p>\n<p>\n\t&nbsp;<\/p>\n<p>\n\tEsta actividad que contar\u00e1 con una caseta en la que diferentes autores pasar\u00e1n por estas ubicaciones donde dar\u00e1n a conocer su obra y realizar\u00e1n una firma de libros, se complementar\u00e1 con el Cuentacuentos de la mano de Espacio DRANG a partir de las 11:30 horas en la biblioteca de La Cala. Seg\u00fan palabras del vocal de Ateneo Mijas, \u00c1lvaro Tamayo, \u00abtambi\u00e9n realizaremos la actividad la b\u00fasqueda del pergamino perdido en los diferentes emplazamientos de estas casetas, en una jornada en la que estar\u00e1n presentes al menos quince autores diferentes entre los que se encuentran Carmen Trella, Pilar And\u00fajar o Isabel G\u00e1mez entre otros\u00bb.<\/p>\n<p>\n\t&nbsp;<\/p>\n<p>\n\tDurante la presentaci\u00f3n han recordado que los autores interesados en participar de la jornada que tendr\u00e1 lugar el pr\u00f3ximo domingo a\u00fan pueden unirse a trav\u00e9s del email <a href=\"mailto:diadellibro@ateneomijas.org\">diadellibro@ateneomijas.org<\/a>.<\/p>\n<p>\n\t&nbsp;<\/p>\n<p>\n\tPor \u00faltimo desde la concejal\u00eda de Bibliotecas recuerdan que toda la informaci\u00f3n con el programa de actividades previstos para la conmemoraci\u00f3n del D\u00eda del Libro y del resto de eventos programados por el \u00e1rea ya esta disponible en la web del Consistorio mijas.es en el apartado de Cultura. \u00abUn espacio en el que podr\u00e1n encontrar toda la informaci\u00f3n referente a la agenda cultural y actividades del municipio tales como la presentaci\u00f3n del libro 1937 \u00c9xodo: M\u00e1laga Almer\u00eda&nbsp; que tendr\u00e1 lugar el pr\u00f3ximo viernes en la Casa de La Cultura de Las Lagunas\u00bb, finaliza el concejal.<\/p>\n<p>\n\t&nbsp;<\/p>\n<p>\n\t&nbsp;<\/p>\n","protected":false},"excerpt":{"rendered":"<p>El Consistorio anuncia actividades para todas las edades con motivo del D\u00eda internacional del Libro y que contar\u00e1n con la colaboraci\u00f3n de asociaciones culturales del municipio&nbsp; Mijas, 17 abril 2017.- &nbsp;El concejal de Educaci\u00f3n, Hip\u00f3lito Zapico (PSOE), ha presentado el programa de actividades previsto para el D\u00eda del Libro por el Consistorio y que contar\u00e1n [&hellip;]<\/p>\n","protected":false},"author":1,"featured_media":8916,"comment_status":"closed","ping_status":"open","sticky":false,"template":"","format":"standard","meta":[],"categories":[19],"tags":[],"jetpack_featured_media_url":"https:\/\/www.mijas.es\/wp-content\/uploads\/2017\/04\/Image5996.jpg","_links":{"self":[{"href":"https:\/\/www.mijas.es\/portal\/wp-json\/wp\/v2\/posts\/5996"}],"collection":[{"href":"https:\/\/www.mijas.es\/portal\/wp-json\/wp\/v2\/posts"}],"about":[{"href":"https:\/\/www.mijas.es\/portal\/wp-json\/wp\/v2\/types\/post"}],"author":[{"embeddable":true,"href":"https:\/\/www.mijas.es\/portal\/wp-json\/wp\/v2\/users\/1"}],"replies":[{"embeddable":true,"href":"https:\/\/www.mijas.es\/portal\/wp-json\/wp\/v2\/comments?post=5996"}],"version-history":[{"count":0,"href":"https:\/\/www.mijas.es\/portal\/wp-json\/wp\/v2\/posts\/5996\/revisions"}],"wp:featuredmedia":[{"embeddable":true,"href":"https:\/\/www.mijas.es\/portal\/wp-json\/wp\/v2\/media\/8916"}],"wp:attachment":[{"href":"https:\/\/www.mijas.es\/portal\/wp-json\/wp\/v2\/media?parent=5996"}],"wp:term":[{"taxonomy":"category","embeddable":true,"href":"https:\/\/www.mijas.es\/portal\/wp-json\/wp\/v2\/categories?post=5996"},{"taxonomy":"post_tag","embeddable":true,"href":"https:\/\/www.mijas.es\/portal\/wp-json\/wp\/v2\/tags?post=5996"}],"curies":[{"name":"wp","href":"https:\/\/api.w.org\/{rel}","templated":true}]}}