{"id":5994,"date":"2017-04-17T06:14:09","date_gmt":"2017-04-17T06:14:09","guid":{"rendered":"http:\/\/localhost\/pruebaweb\/?p=5994"},"modified":"2017-04-17T06:14:09","modified_gmt":"2017-04-17T06:14:09","slug":"los-jubilados-de-mijas-visitaran-el-algarve-portugues-del-15-al-21-de-mayo","status":"publish","type":"post","link":"https:\/\/www.mijas.es\/portal\/los-jubilados-de-mijas-visitaran-el-algarve-portugues-del-15-al-21-de-mayo\/","title":{"rendered":"Los jubilados de Mijas visitar&aacute;n el Algarve portugu&eacute;s del 15 al 21 de Mayo"},"content":{"rendered":"<p style=\"text-align: justify;\">\n\tLa concejala de Tercera Edad, Tamara Vera (PSOE), ha informado de la apertura de inscripciones para el viaje organizado por el \u00e1rea &nbsp;y que permitir\u00e1 a 1.150 jubilados y pensionistas del municipio visitar el Algarve portugu\u00e9s<\/p>\n<p><\/p>\n<p>\n\t<strong>Mijas, 11 de abril de 2017.-<\/strong>Unos 1.1150 jubilados y pensionistas del municipio podr\u00e1n visitar este a\u00f1o el Algarve Portugu\u00e9s gracias al tradicional viaje que cada a\u00f1o organiza el departamento de Tercera Edad de Mijas, y &nbsp;cuyas inscripciones se abrir\u00e1n a partir del pr\u00f3ximo d\u00eda 19.<\/p>\n<p>\n\t&nbsp;<\/p>\n<p>\n\t\u00abEste viaje es una actividad pensada especialmente para ellos, y organizada un a\u00f1o m\u00e1s por el departamento\u00bb, explica la concejala de Tercera Edad, \u00abun viaje que tendr\u00e1 un marcado car\u00e1cter cultural y del que podr\u00e1n disfrutar m\u00e1s de 1000 jubilados del nuestro municipio, en lo que es una muestra m\u00e1s del Consistorio por el fomento del envejecimiento activo y saludable a trav\u00e9s de visitas a lugares de riqueza hist\u00f3rica, cultural o medioambiental\u00bb.<\/p>\n<p>\n\t&nbsp;<\/p>\n<p>\n\tEste a\u00f1o el tradicional viaje que llevar\u00e1 a los mayores del municipio al Algarve portugu\u00e9s se desarrollar\u00e1 del 15 al 21 de mayo, d\u00edas durante los cu\u00e1les los asistentes al viaje recorrer\u00e1n los puntos de mayor atractivo tur\u00edstico de la zona.<\/p>\n<p>\n\t&nbsp;<\/p>\n<p>\n\tPara realizar su inscripci\u00f3n los pensionistas y jubilados de Mijas Pueblo y de La Cala deber\u00e1n acudir a la primera planta del Hogar del Jubilado de los citados n\u00facleos del 19 al 21 de abril en horario de 9 a 13:30 horas. Asimismo, los interesados de Las Lagunas tienen del 24 al 28 de este mes para realizar su inscripci\u00f3n en horario de 8 a 13:30 horas en las instalaciones de la oficina de mayores del Hogar del Jubilado de Las Lagunas.<\/p>\n<p>\n\t&nbsp;<\/p>\n<p>\n\tTal y como informan desde el departamento,&nbsp; el viaje estar\u00e1 organizado en tres grupos, siendo del 15 al 17 de mayo el turno para los mayores de La Cala y Mijas Pueblo y del 17 al 19 y del 19 al 21 los d\u00edas reservados para los jubilados de las Lagunas.<\/p>\n<p>\n\t&nbsp;<\/p>\n<p>\n\tPara poder acceder a este viaje y a los precios p\u00fablicos aprobados en el pasado pleno del mes de febrero, ser\u00e1 necesario estar en posesi\u00f3n del Carn\u00e9 de Jubilado Municipal, tener al menos tres a\u00f1os de antig\u00fcedad en el padr\u00f3n de habitantes de forma ininterrumpida, as\u00ed como estar en condiciones de salud para poder afrontar el normal desarrollo del viaje contratado.<\/p>\n<p>\n\t&nbsp;<\/p>\n<p>\n\tPor \u00faltimo, Vera ha animado a los mayores a disfrutar de este viaje que desde el \u00e1rea comentan \u00aborganizamos con mucha ilusi\u00f3n y que viene a complementar &nbsp;el resto de actividades que durante todo el a\u00f1o oferta la concejal\u00eda y entre los que se encuentran charlas informativas, talleres de memoria y actividades deportivas entre otras\u00bb.<\/p>\n<p>\n\t&nbsp;<\/p>\n","protected":false},"excerpt":{"rendered":"<p>La concejala de Tercera Edad, Tamara Vera (PSOE), ha informado de la apertura de inscripciones para el viaje organizado por el \u00e1rea &nbsp;y que permitir\u00e1 a 1.150 jubilados y pensionistas del municipio visitar el Algarve portugu\u00e9s Mijas, 11 de abril de 2017.-Unos 1.1150 jubilados y pensionistas del municipio podr\u00e1n visitar este a\u00f1o el Algarve Portugu\u00e9s [&hellip;]<\/p>\n","protected":false},"author":1,"featured_media":8914,"comment_status":"closed","ping_status":"open","sticky":false,"template":"","format":"standard","meta":[],"categories":[19],"tags":[],"jetpack_featured_media_url":"https:\/\/www.mijas.es\/wp-content\/uploads\/2017\/04\/Image5994.jpg","_links":{"self":[{"href":"https:\/\/www.mijas.es\/portal\/wp-json\/wp\/v2\/posts\/5994"}],"collection":[{"href":"https:\/\/www.mijas.es\/portal\/wp-json\/wp\/v2\/posts"}],"about":[{"href":"https:\/\/www.mijas.es\/portal\/wp-json\/wp\/v2\/types\/post"}],"author":[{"embeddable":true,"href":"https:\/\/www.mijas.es\/portal\/wp-json\/wp\/v2\/users\/1"}],"replies":[{"embeddable":true,"href":"https:\/\/www.mijas.es\/portal\/wp-json\/wp\/v2\/comments?post=5994"}],"version-history":[{"count":0,"href":"https:\/\/www.mijas.es\/portal\/wp-json\/wp\/v2\/posts\/5994\/revisions"}],"wp:featuredmedia":[{"embeddable":true,"href":"https:\/\/www.mijas.es\/portal\/wp-json\/wp\/v2\/media\/8914"}],"wp:attachment":[{"href":"https:\/\/www.mijas.es\/portal\/wp-json\/wp\/v2\/media?parent=5994"}],"wp:term":[{"taxonomy":"category","embeddable":true,"href":"https:\/\/www.mijas.es\/portal\/wp-json\/wp\/v2\/categories?post=5994"},{"taxonomy":"post_tag","embeddable":true,"href":"https:\/\/www.mijas.es\/portal\/wp-json\/wp\/v2\/tags?post=5994"}],"curies":[{"name":"wp","href":"https:\/\/api.w.org\/{rel}","templated":true}]}}