{"id":5993,"date":"2017-04-17T06:12:49","date_gmt":"2017-04-17T06:12:49","guid":{"rendered":"http:\/\/localhost\/pruebaweb\/?p=5993"},"modified":"2017-04-17T06:12:49","modified_gmt":"2017-04-17T06:12:49","slug":"mijas-refuerza-el-dispositivo-de-limpieza-para-los-dias-de-gran-afluencia-en-semana-santa","status":"publish","type":"post","link":"https:\/\/www.mijas.es\/portal\/mijas-refuerza-el-dispositivo-de-limpieza-para-los-dias-de-gran-afluencia-en-semana-santa\/","title":{"rendered":"Mijas refuerza el dispositivo de limpieza para los d&iacute;as de gran afluencia en Semana Santa"},"content":{"rendered":"<p style=\"text-align: justify;\">\n\tEl municipio vive sus d\u00edas de Pasi\u00f3n con fervor y espera un aumento en las visitas a la ciudad por lo que desde el Consistorio se han habilitado nuevas barredoras que operar\u00e1n detr\u00e1s de las procesiones<\/p>\n<p><\/p>\n<p>\n\t<strong>Mijas, 12 de abril de 2017.-<\/strong>El concejal del Ayuntamiento de Mijas, Jos\u00e9 Carlos Mart\u00edn (Cs), ha destacado esta ma\u00f1ana la labor de limpieza que se est\u00e1 llevando a cabo estos d\u00edas con motivo de la Semana Santa en la ciudad. El Consistorio ha puesto en marcha un dispositivo especial de cara a estos d\u00edas de Pasi\u00f3n y, por ello, este \u00e1rea municipal ha previsto un apoyo a esta tarea. \u00abNo se trata solo de la afluencia de p\u00fablico y el turismo que genera esta efem\u00e9ride tan especial en nuestro calendario, sino tambi\u00e9n de la cera que desprenden las velas a su paso por las calles y los p\u00e9talos que se ofrecen a las im\u00e1genes del municipio\u00bb, apunta el edil.<\/p>\n<p>\n\t&nbsp;<\/p>\n<p>\n\tPor este motivo, los tres n\u00facleos urbanos cuentan con este refuerzo. As\u00ed pues, en Mijas Pueblo y en Las Lagunas a todas sus salidas procesionales les acompa\u00f1a un conductor, un pe\u00f3n y una barredora a jornada intensiva. En lo que respecta a La Cala, el Jueves contar\u00e1 con un pe\u00f3n y el Viernes con un pe\u00f3n conductor, ambos por la ma\u00f1ana. Por la tarde, un pe\u00f3n conductor, un pe\u00f3n de soplado y una barredora cada uno de estos d\u00edas. Finalmente el Domingo el refuerzo viene de la mano de un pe\u00f3n conductor por la ma\u00f1ana.<\/p>\n<p>\n\t&nbsp;<\/p>\n<p>\n\t&nbsp;<\/p>\n","protected":false},"excerpt":{"rendered":"<p>El municipio vive sus d\u00edas de Pasi\u00f3n con fervor y espera un aumento en las visitas a la ciudad por lo que desde el Consistorio se han habilitado nuevas barredoras que operar\u00e1n detr\u00e1s de las procesiones Mijas, 12 de abril de 2017.-El concejal del Ayuntamiento de Mijas, Jos\u00e9 Carlos Mart\u00edn (Cs), ha destacado esta ma\u00f1ana [&hellip;]<\/p>\n","protected":false},"author":1,"featured_media":8913,"comment_status":"closed","ping_status":"open","sticky":false,"template":"","format":"standard","meta":[],"categories":[19],"tags":[],"jetpack_featured_media_url":"https:\/\/www.mijas.es\/wp-content\/uploads\/2017\/04\/Image5993.jpg","_links":{"self":[{"href":"https:\/\/www.mijas.es\/portal\/wp-json\/wp\/v2\/posts\/5993"}],"collection":[{"href":"https:\/\/www.mijas.es\/portal\/wp-json\/wp\/v2\/posts"}],"about":[{"href":"https:\/\/www.mijas.es\/portal\/wp-json\/wp\/v2\/types\/post"}],"author":[{"embeddable":true,"href":"https:\/\/www.mijas.es\/portal\/wp-json\/wp\/v2\/users\/1"}],"replies":[{"embeddable":true,"href":"https:\/\/www.mijas.es\/portal\/wp-json\/wp\/v2\/comments?post=5993"}],"version-history":[{"count":0,"href":"https:\/\/www.mijas.es\/portal\/wp-json\/wp\/v2\/posts\/5993\/revisions"}],"wp:featuredmedia":[{"embeddable":true,"href":"https:\/\/www.mijas.es\/portal\/wp-json\/wp\/v2\/media\/8913"}],"wp:attachment":[{"href":"https:\/\/www.mijas.es\/portal\/wp-json\/wp\/v2\/media?parent=5993"}],"wp:term":[{"taxonomy":"category","embeddable":true,"href":"https:\/\/www.mijas.es\/portal\/wp-json\/wp\/v2\/categories?post=5993"},{"taxonomy":"post_tag","embeddable":true,"href":"https:\/\/www.mijas.es\/portal\/wp-json\/wp\/v2\/tags?post=5993"}],"curies":[{"name":"wp","href":"https:\/\/api.w.org\/{rel}","templated":true}]}}