{"id":5992,"date":"2017-04-17T06:11:42","date_gmt":"2017-04-17T06:11:42","guid":{"rendered":"http:\/\/localhost\/pruebaweb\/?p=5992"},"modified":"2017-04-17T06:11:42","modified_gmt":"2017-04-17T06:11:42","slug":"cerca-de-100-mijenos-han-disfrutado-del-campamento-de-semana-santa-en-el-albergue-de-entrerrios","status":"publish","type":"post","link":"https:\/\/www.mijas.es\/portal\/cerca-de-100-mijenos-han-disfrutado-del-campamento-de-semana-santa-en-el-albergue-de-entrerrios\/","title":{"rendered":"Cerca de 100 mije&ntilde;os han disfrutado del campamento de Semana Santa en el Albergue de Entrerr&iacute;os"},"content":{"rendered":"<p style=\"text-align: justify;\">\n\tLas instalaciones han acogido las actividades organizadas por el \u00e1rea desde el pasado s\u00e1bado y que han girado entorno a la obra de la poeta Gloria Fuertes<\/p>\n<p><\/p>\n<p>\n\t<strong>Mijas, 12 de abril de 2017.-<\/strong>El concejal de Educaci\u00f3n, Hip\u00f3lito Zapico (PSOE), junto a la primera teniente alcalde del municipio, Fuensanta Lima (PSOE), han visitado esta ma\u00f1ana la \u00faltima jornada del campamento de Semana Santa del Albergue de Entrerr\u00edos.<\/p>\n<p>\n\t&nbsp;<\/p>\n<p>\n\t\u00abEste a\u00f1o el campamento de Semana Santa ha estado centrado en la tem\u00e1tica de Gloria Fuertes, en base a la cu\u00e1l se han desarrollado las distintas actividades y talleres de ocio y aprendizaje\u00bb, explica Zapico, \u00abdurante las estancias se llevan a cabo actividades de ocio y aprendizaje para que nuestros ni\u00f1os y ni\u00f1as aprendan a la vez que disfrutan de un entorno natural tan rico como es la sierra de Mijas\u00bb.<\/p>\n<p>\n\t&nbsp;<\/p>\n<p>\n\tEn total y seg\u00fan datos del departamento de Albergues, del total de 94 participantes de esta edici\u00f3n, unos 44 ni\u00f1os habr\u00edan participado de este campamento en turno diurno y otros 50 han formado parte del turno de estancia. \u00abEstamos satisfechos con la acogida que de nuevo tienen todas las actividades que por parte del Albergue se ponen en marcha y de ver como nuestros peque\u00f1os y los que no lo son tanto vuelven una y otra vez a disfrutar de este enclave\u00bb.<\/p>\n<p>\n\t&nbsp;<\/p>\n<p>\n\tEntre los aspectos resaltados por la delegaci\u00f3n para esta edici\u00f3n, destacan la apuesta por la educaci\u00f3n inclusiva con la incorporaci\u00f3n de tres monitores para acoger a un total de cinco ni\u00f1os con necesidades educativas especiales y que suponen \u00abuna muestra de nuestra apuesta por la educaci\u00f3n inclusiva con el refuerzo de monitores y la adaptaci\u00f3n del programa para que todos nuestros ni\u00f1os puedan disfrutar en igualdad de condiciones de estas actividades e instalaciones\u00bb, explica el concejal de Educaci\u00f3n.<\/p>\n<p>\n\t&nbsp;<\/p>\n<p>\n\tPor su parte la primera teniente de alcalde, ha destacado \u00abel papel tan magn\u00edfico que desempe\u00f1a siempre el albergue municipal para el ocio de nuestros ni\u00f1os y ni\u00f1as. Un espacio en el que se llevan a cabo actividades de todo tipo como las deportivas o culturales, y en las que tenemos la suerte de contar con un gran equipo de profesionales\u00bb.<\/p>\n<p>\n\t&nbsp;<\/p>\n<p>\n\tAdem\u00e1s desde el departamento recuerdan que ya est\u00e1 en marcha el programa de \u00abEncuentros escolares con la naturaleza\u00bb dirigido a todos los centros educativos del municipio y organizado por el \u00e1rea de Albergues del Consistorio. Unos talleres para los que el concejal \u00abanima a participar a todos los centros ya que es una oportunidad de disfrutar y conocer la riqueza natural de nuestro municipio mediante actividades de ocio y aprendizaje\u00bb.<\/p>\n<p>\n\t&nbsp;<\/p>\n<p>\n\t&nbsp;<\/p>\n<p>\n\t&nbsp;<\/p>\n","protected":false},"excerpt":{"rendered":"<p>Las instalaciones han acogido las actividades organizadas por el \u00e1rea desde el pasado s\u00e1bado y que han girado entorno a la obra de la poeta Gloria Fuertes Mijas, 12 de abril de 2017.-El concejal de Educaci\u00f3n, Hip\u00f3lito Zapico (PSOE), junto a la primera teniente alcalde del municipio, Fuensanta Lima (PSOE), han visitado esta ma\u00f1ana la [&hellip;]<\/p>\n","protected":false},"author":1,"featured_media":8912,"comment_status":"closed","ping_status":"open","sticky":false,"template":"","format":"standard","meta":[],"categories":[19],"tags":[],"jetpack_featured_media_url":"https:\/\/www.mijas.es\/wp-content\/uploads\/2017\/04\/Image5992.jpg","_links":{"self":[{"href":"https:\/\/www.mijas.es\/portal\/wp-json\/wp\/v2\/posts\/5992"}],"collection":[{"href":"https:\/\/www.mijas.es\/portal\/wp-json\/wp\/v2\/posts"}],"about":[{"href":"https:\/\/www.mijas.es\/portal\/wp-json\/wp\/v2\/types\/post"}],"author":[{"embeddable":true,"href":"https:\/\/www.mijas.es\/portal\/wp-json\/wp\/v2\/users\/1"}],"replies":[{"embeddable":true,"href":"https:\/\/www.mijas.es\/portal\/wp-json\/wp\/v2\/comments?post=5992"}],"version-history":[{"count":0,"href":"https:\/\/www.mijas.es\/portal\/wp-json\/wp\/v2\/posts\/5992\/revisions"}],"wp:featuredmedia":[{"embeddable":true,"href":"https:\/\/www.mijas.es\/portal\/wp-json\/wp\/v2\/media\/8912"}],"wp:attachment":[{"href":"https:\/\/www.mijas.es\/portal\/wp-json\/wp\/v2\/media?parent=5992"}],"wp:term":[{"taxonomy":"category","embeddable":true,"href":"https:\/\/www.mijas.es\/portal\/wp-json\/wp\/v2\/categories?post=5992"},{"taxonomy":"post_tag","embeddable":true,"href":"https:\/\/www.mijas.es\/portal\/wp-json\/wp\/v2\/tags?post=5992"}],"curies":[{"name":"wp","href":"https:\/\/api.w.org\/{rel}","templated":true}]}}