{"id":5991,"date":"2017-04-17T06:10:26","date_gmt":"2017-04-17T06:10:26","guid":{"rendered":"http:\/\/localhost\/pruebaweb\/?p=5991"},"modified":"2017-04-17T06:10:26","modified_gmt":"2017-04-17T06:10:26","slug":"los-servicios-operativos-acondicionan-el-cortijo-colorado-en-la-cala-de-mijas","status":"publish","type":"post","link":"https:\/\/www.mijas.es\/portal\/los-servicios-operativos-acondicionan-el-cortijo-colorado-en-la-cala-de-mijas\/","title":{"rendered":"Los Servicios Operativos acondicionan el Cortijo Colorado en La Cala de Mijas"},"content":{"rendered":"<p style=\"text-align: justify;\">\n\tEl alcalde de Mijas, Juan Carlos Maldonado (Cs) y el edil responsable del \u00e1rea, Jos\u00e9 Carlos Mart\u00edn (Cs), han visitado los trabajos as\u00ed como las actuaciones de reparaci\u00f3n de aceras llevadas a cabo en La Ca\u00f1adas y las labores de pintura y conservaci\u00f3n del Edificio de Fomento del Empleo<\/p>\n<p><\/p>\n<p>\n\t<strong>Mijas, 12 de abril de 2017.-<\/strong>El alcalde de Mijas, Juan Carlos Maldonado (Cs) y concejal de Servicios Operativos, Jos\u00e9 Carlos Mart\u00edn (Cs), han visitado esta ma\u00f1ana las tareas de limpieza, carga y transporte a vertedero de las brozas y restos vegetales acumulados por el anterior equipo de gobierno del PP en esta zona que est\u00e1 llevando a cabo este \u00e1rea municipal en la parcela del Cortijo Colorado en La Cala. El terreno cuenta con una superficie de alrededor de 200.000 metros cuadrados y acumulaba ya cuatro a\u00f1os sin un acondicionamiento profundo. \u00abEs importante mantener limpias y despejadas las parcelas municipales, ya no s\u00f3lo por el riesgo que pueda suponer ante posibles incendios, sino tambi\u00e9n por la salubridad de la zona. De esta manera ayudamos a mantener el espacio en un estado \u00f3ptimo que evite, a su vez, la aparici\u00f3n de insectos u otros animales en el lugar\u00bb, se\u00f1ala el regidor.<\/p>\n<p>\n\t&nbsp;<\/p>\n<p>\n\tAdem\u00e1s de esta actuaci\u00f3n, los Servicios Operativos est\u00e1n trabajando en la zona de Las Ca\u00f1adas, en la calle San Juan, donde est\u00e1n arreglando las aceras deterioradas a causa del crecimiento de las ra\u00edces de las palmeras y ampliando los alcorques. \u00abCon el paso de los a\u00f1os tenemos que llevar a cabo este tipo de actuaciones de conservaci\u00f3n y mejora en las zonas donde existen ciertas especies vegetales que tienden a un crecimiento fuerte de su cepa y que pueden da\u00f1ar la soler\u00eda\u00bb, a\u00f1ade Mart\u00edn.<\/p>\n<p>\n\t&nbsp;<\/p>\n<p>\n\tAsimismo, cabe destacar que el edil ha visitado tambi\u00e9n los trabajos de tratamiento y pintura del Edificio de Fomento del Empleo donde se est\u00e1n sellando tambi\u00e9n las grietas. \u00abEste edificio es un elemento visible de nuestro municipio, a simple vista desde la propia autov\u00eda ya se puede observar, por tanto hay que ofrecer una buena imagen de nuestros inmuebles\u00bb, asevera el edil.<\/p>\n<p>\n\t&nbsp;<\/p>\n<p>\n\tLos Servicios Operativos ejecutan alrededor de 200 actuaciones mensuales, una labor que el propio Mart\u00edn ha querido agradecer y destacar. \u00abSe trata de peque\u00f1as intervenciones que son muy necesarias pues mantienen nuestras infraestructuras y van cumpliendo las demandas de los usuarios cada d\u00eda\u00bb, concluye Mart\u00edn.<\/p>\n<p>\n\t&nbsp;<\/p>\n","protected":false},"excerpt":{"rendered":"<p>El alcalde de Mijas, Juan Carlos Maldonado (Cs) y el edil responsable del \u00e1rea, Jos\u00e9 Carlos Mart\u00edn (Cs), han visitado los trabajos as\u00ed como las actuaciones de reparaci\u00f3n de aceras llevadas a cabo en La Ca\u00f1adas y las labores de pintura y conservaci\u00f3n del Edificio de Fomento del Empleo Mijas, 12 de abril de 2017.-El [&hellip;]<\/p>\n","protected":false},"author":1,"featured_media":8911,"comment_status":"closed","ping_status":"open","sticky":false,"template":"","format":"standard","meta":[],"categories":[19],"tags":[],"jetpack_featured_media_url":"https:\/\/www.mijas.es\/wp-content\/uploads\/2017\/04\/Image5991.jpg","_links":{"self":[{"href":"https:\/\/www.mijas.es\/portal\/wp-json\/wp\/v2\/posts\/5991"}],"collection":[{"href":"https:\/\/www.mijas.es\/portal\/wp-json\/wp\/v2\/posts"}],"about":[{"href":"https:\/\/www.mijas.es\/portal\/wp-json\/wp\/v2\/types\/post"}],"author":[{"embeddable":true,"href":"https:\/\/www.mijas.es\/portal\/wp-json\/wp\/v2\/users\/1"}],"replies":[{"embeddable":true,"href":"https:\/\/www.mijas.es\/portal\/wp-json\/wp\/v2\/comments?post=5991"}],"version-history":[{"count":0,"href":"https:\/\/www.mijas.es\/portal\/wp-json\/wp\/v2\/posts\/5991\/revisions"}],"wp:featuredmedia":[{"embeddable":true,"href":"https:\/\/www.mijas.es\/portal\/wp-json\/wp\/v2\/media\/8911"}],"wp:attachment":[{"href":"https:\/\/www.mijas.es\/portal\/wp-json\/wp\/v2\/media?parent=5991"}],"wp:term":[{"taxonomy":"category","embeddable":true,"href":"https:\/\/www.mijas.es\/portal\/wp-json\/wp\/v2\/categories?post=5991"},{"taxonomy":"post_tag","embeddable":true,"href":"https:\/\/www.mijas.es\/portal\/wp-json\/wp\/v2\/tags?post=5991"}],"curies":[{"name":"wp","href":"https:\/\/api.w.org\/{rel}","templated":true}]}}