{"id":5990,"date":"2017-04-17T06:05:16","date_gmt":"2017-04-17T06:05:16","guid":{"rendered":"http:\/\/localhost\/pruebaweb\/?p=5990"},"modified":"2017-04-17T06:05:16","modified_gmt":"2017-04-17T06:05:16","slug":"abierto-el-plazo-de-las-becas-de-transporte-universitario-del-curso-2015-2016","status":"publish","type":"post","link":"https:\/\/www.mijas.es\/portal\/abierto-el-plazo-de-las-becas-de-transporte-universitario-del-curso-2015-2016\/","title":{"rendered":"Abierto el plazo de las becas de transporte universitario del curso 2015-2016"},"content":{"rendered":"<p style=\"text-align: justify;\">\n\tLos interesados tendr\u00e1n hasta el d\u00eda 25 de abril para solicitar la ayuda convocada por el \u00e1rea de Juventud<\/p>\n<p style=\"text-align: justify;\">\n\tLa dotaci\u00f3n econ\u00f3mica de esta convocatoria, pendiente desde el pasado curso, ser\u00e1 de 20.000 euros&nbsp;<\/p>\n<p><\/p>\n<p>\n\t<strong>Mijas, 11 de abril de 2017.-<\/strong>La concejala de Juventud, Tamara Vera (PSOE), ha informado esta ma\u00f1ana de la apertura del plazo para la solicitud de las becas de transporte universitario correspondientes al curso 2015-2016.<\/p>\n<p>\n\t&nbsp;<\/p>\n<p>\n\t\u00abCon la apertura de esta convocatoria damos respuesta a los j\u00f3venes del municipio que ven\u00edan reclamando que se sacaran a tr\u00e1mite estas becas correspondientes al pasado curso\u00bb, afirma la concejala, qui\u00e9n a\u00f1ade \u00abel compromiso por parte del actual equipo es sacar dos convocatorias este a\u00f1o en relaci\u00f3n a las becas de transporte universitario, dando respuesta a esta demanda y ayudando a nuestros j\u00f3venes a que puedan realizar sus estudios superiores\u00bb.<\/p>\n<p>\n\t&nbsp;<\/p>\n<p>\n\tAs\u00ed y seg\u00fan informan desde el departamento, tras la publicaci\u00f3n de esta convocatoria correspondiente al curso 2015-2016, y tras la finalizaci\u00f3n del curso, se proceder\u00e1 a convocar las becas correspondientes al curso 2016-2017 \u00abevitando que nuestros j\u00f3venes tengan que esperar a que se inicie el siguiente curso para poder optar a estas\u00bb, subraya la concejala del \u00e1rea.<\/p>\n<p>\n\t&nbsp;<\/p>\n<p>\n\tEl plazo para la presentaci\u00f3n de solicitudes ser\u00e1 de 15 d\u00edas naturales, comenzando el 11 de abril y permaneciendo abierto hasta el pr\u00f3ximo d\u00eda 25. &nbsp;Los interesados deber\u00e1n presentar las solicitudes mediante registro de entrada en cualquiera de las dependencias municipales, tales como el Ayuntamiento o en las Tenencias de Alcald\u00eda de Las Lagunas o La Cala.<\/p>\n<p>\n\t&nbsp;<\/p>\n<p>\n\tTras esto, habr\u00e1 un periodo de 10 d\u00edas para subsanaci\u00f3n de errores, un plazo en el que \u00abpor parte del \u00e1rea de Juventud estaremos muy pendientes para poder facilitar en todo momento el tr\u00e1mite de estas ayudas, por lo que ante cualquier duda, animamos a nuestros j\u00f3venes a pasarse por nuestras dependencias en horario de ma\u00f1ana o tarde\u00bb explica Vera.<\/p>\n<p>\n\t&nbsp;<\/p>\n<p>\n\tUnas becas no compatibles con cualquier otra ayuda destinada a la misma finalidad, seg\u00fan recuerdan desde la delegaci\u00f3n de Juventud, y que esta dirigida a j\u00f3venes de entre 18 y 35 a\u00f1os que hayan estado matriculados durante el curso 2015-2016. Entre los requisitos que deben cumplir los solicitantes para optar a esta ayuda se encuentran el que est\u00e9n empadronados en el municipio con una antig\u00fcedad m\u00ednima de cuatro a\u00f1os anterior a la fecha de de solicitud de la beca; estar matriculado en alguna modalidad acad\u00e9mica universitaria reglada durante el curso lectivo correspondiente al periodo de la solicitud de la beca; no haber sido beneficiario en el mismo periodo lectivo de beca o ayuda que cubran esta misma necesidad; as\u00ed como estar matriculados en al menos 6 asignaturas y tener aptas como m\u00ednimo el 50% de las mismas.<\/p>\n<p>\n\t&nbsp;<\/p>\n<p>\n\tLa cuant\u00eda destinada por el Ayuntamiento para la totalidad de estas becas de transporte universitario pertenecientes al curso 2015-2016, asciende a 20.000 euros, oscilando las ayudas por estudiante entre los 50 y los 220 euros. Unas cantidades que se calcular\u00e1n en funci\u00f3n del umbral de renta de la unidad familiar de los solicitantes.<\/p>\n<p>\n\t&nbsp;<\/p>\n<p>\n\tAdem\u00e1s y seg\u00fan recuerdan desde el departamento, las bases de esta convocatoria estar\u00e1n disponibles en la p\u00e1gina Web del Ayuntamiento. Del mismo modo, los interesados encontrar\u00e1n el enlace a la informaci\u00f3n en la redes sociales del \u00e1rea de Juventud de Mijas tales como Facebook (Juventud Mijas), en Twitter (@juventud_mijas) o Instagram (@juventud_mijas).<\/p>\n<p>\n\t&nbsp;<\/p>\n<p>\n\tSeg\u00fan explica la concejala \u00abqueremos recordar a nuestros j\u00f3venes que adem\u00e1s de a trav\u00e9s de nuestras redes sociales, tambi\u00e9n tienen la opci\u00f3n de informarse en las dependencias de juventud todas las ma\u00f1anas y los lunes y mi\u00e9rcoles por la tarde\u00bb. Asimismo los j\u00f3venes que lo deseen pueden estar al d\u00eda de todas las novedades y actividades del \u00e1rea a trav\u00e9s del WhatsApp de Juventud enviando un mensaje al 606417609 con el texto \u00abQuiero recibir informaci\u00f3n de juventud\u00bb.<\/p>\n<p>\n\t&nbsp;<\/p>\n<p>\n\t&nbsp;<\/p>\n","protected":false},"excerpt":{"rendered":"<p>Los interesados tendr\u00e1n hasta el d\u00eda 25 de abril para solicitar la ayuda convocada por el \u00e1rea de Juventud La dotaci\u00f3n econ\u00f3mica de esta convocatoria, pendiente desde el pasado curso, ser\u00e1 de 20.000 euros&nbsp; Mijas, 11 de abril de 2017.-La concejala de Juventud, Tamara Vera (PSOE), ha informado esta ma\u00f1ana de la apertura del plazo [&hellip;]<\/p>\n","protected":false},"author":1,"featured_media":8910,"comment_status":"closed","ping_status":"open","sticky":false,"template":"","format":"standard","meta":[],"categories":[19],"tags":[],"jetpack_featured_media_url":"https:\/\/www.mijas.es\/wp-content\/uploads\/2017\/04\/Image5990.jpg","_links":{"self":[{"href":"https:\/\/www.mijas.es\/portal\/wp-json\/wp\/v2\/posts\/5990"}],"collection":[{"href":"https:\/\/www.mijas.es\/portal\/wp-json\/wp\/v2\/posts"}],"about":[{"href":"https:\/\/www.mijas.es\/portal\/wp-json\/wp\/v2\/types\/post"}],"author":[{"embeddable":true,"href":"https:\/\/www.mijas.es\/portal\/wp-json\/wp\/v2\/users\/1"}],"replies":[{"embeddable":true,"href":"https:\/\/www.mijas.es\/portal\/wp-json\/wp\/v2\/comments?post=5990"}],"version-history":[{"count":0,"href":"https:\/\/www.mijas.es\/portal\/wp-json\/wp\/v2\/posts\/5990\/revisions"}],"wp:featuredmedia":[{"embeddable":true,"href":"https:\/\/www.mijas.es\/portal\/wp-json\/wp\/v2\/media\/8910"}],"wp:attachment":[{"href":"https:\/\/www.mijas.es\/portal\/wp-json\/wp\/v2\/media?parent=5990"}],"wp:term":[{"taxonomy":"category","embeddable":true,"href":"https:\/\/www.mijas.es\/portal\/wp-json\/wp\/v2\/categories?post=5990"},{"taxonomy":"post_tag","embeddable":true,"href":"https:\/\/www.mijas.es\/portal\/wp-json\/wp\/v2\/tags?post=5990"}],"curies":[{"name":"wp","href":"https:\/\/api.w.org\/{rel}","templated":true}]}}