{"id":5989,"date":"2017-04-17T06:04:18","date_gmt":"2017-04-17T06:04:18","guid":{"rendered":"http:\/\/localhost\/pruebaweb\/?p=5989"},"modified":"2017-04-17T06:04:18","modified_gmt":"2017-04-17T06:04:18","slug":"llega-a-mijas-la-campana-de-promocion-de-la-cultura-12-meses-de-inspiracion","status":"publish","type":"post","link":"https:\/\/www.mijas.es\/portal\/llega-a-mijas-la-campana-de-promocion-de-la-cultura-12-meses-de-inspiracion\/","title":{"rendered":"Llega a Mijas la campa&ntilde;a de promoci&oacute;n de la cultura &rsquo;12 meses de inspiraci&oacute;n&rsquo;"},"content":{"rendered":"<p style=\"text-align: justify;\">\n\tLa concejala de Cultura, Fuensanta Lima (PSOE), ha presentado esta campa\u00f1a de promoci\u00f3n de las actividades culturales y las artes en Mijas, en la que cada mes se pondr\u00e1 en valor un g\u00e9nero art\u00edstico diferente<\/p>\n<p><\/p>\n<p>\n\t<strong>Mijas, 11 de abril de 2017.-<\/strong>La concejala de Cultura, Fuensanta Lima (PSOE), acompa\u00f1ado del concejal encargado de las bibliotecas, Hip\u00f3lito Zapico (PSOE), han presentado esta ma\u00f1ana la campa\u00f1a de promoci\u00f3n de las actividades culturales \u00ab12 meses de inspiraci\u00f3n\u00bb.<\/p>\n<p>\n\t&nbsp;<\/p>\n<p>\n\t\u00abLo que queremos es acercar la cultura a nuestros vecinos, que todos puedan conocer de primera mano cu\u00e1les son los eventos y actividades culturales que cada mes tienen lugar en nuestro municipio\u00bb, explica la concejala de Cultura, qui\u00e9n a\u00f1ade \u00abuna actividad que busca visualizar la actividad art\u00edstica y cultural de Mijas dotando los espacios e instalaciones municipales de distintos g\u00e9neros art\u00edsticos y destacando uno cada mes\u00bb.<\/p>\n<p>\n\t&nbsp;<\/p>\n<p>\n\tCada mes desde el \u00e1rea de cultura se va a apostar por poner en valor un g\u00e9nero art\u00edstico, dotando las instalaciones y espacios municipales de contenidos culturales relacionados con este g\u00e9nero. Una iniciativa que se intensificar\u00e1 durante los meses de verano con eventos como el Festival de Teatro, que tendr\u00e1 lugar en las instalaciones del auditorio municipal de Mijas Pueblo, as\u00ed como con eventos que se recuperan como es el caso de \u00abArte Mijas\u00bb, o \u00abEnfoca Mijas\u00bb que llega con novedades este a\u00f1o. \u00abEventos culturales que nos permiten sacar a la calle la cultura haci\u00e9ndola a\u00fan m\u00e1s accesible y siendo adem\u00e1s un gran reclamo tur\u00edstico\u00bb, se\u00f1ala la responsable de la delegaci\u00f3n.<\/p>\n<p>\n\t&nbsp;<\/p>\n<p>\n\tCon la campa\u00f1a, \u00abqui\u00e9nes lo deseen tendr\u00e1n a su disposici\u00f3n toda la informaci\u00f3n mensual en materia de cultura en cualquiera de los espacios culturales, as\u00ed como en breve podr\u00e1n contar tambi\u00e9n con una aplicaci\u00f3n adaptada a m\u00f3viles, facilitando as\u00ed la consulta de la programaci\u00f3n en cualquier momento\u00bb, se\u00f1ala Lima.<\/p>\n<p>\n\t&nbsp;<\/p>\n<p>\n\tCada mes se pretende promocionar as\u00ed estos eventos culturales entre los que se encuentran actividades como presentaciones de libros; charlas coloquios; proyecciones de cortometrajes; actuaciones musicales y obras de teatro; exposiciones de fotograf\u00eda, entre otros.<\/p>\n<p>\n\t&nbsp;<\/p>\n<p>\n\tEn el primer trimestre del a\u00f1o, la tem\u00e1tica ha girado en torno a la fotograf\u00eda, la lectura o la escritura, siendo el mes de abril el dedicado a la pintura, \u00abun mes en el que destaca la vuelta del evento cultural Arte Mijas con una muestra y jornadas de puertas abiertas de talleres los pr\u00f3ximos 22 y 23 de abril\u00bb, explica Lima.<\/p>\n<p>\n\t&nbsp;<\/p>\n<p>\n\tDesde Cultura explican que esta campa\u00f1a supone un refuerzo a otras que se est\u00e1n realizando en el municipio como el Plan de dinamizaci\u00f3n de bibliotecas, \u00abun plan que esta devolviendo la vida a nuestras bibliotecas y haci\u00e9ndolas m\u00e1s atractivas a todos los mije\u00f1os con la programaci\u00f3n de actividades durante todas las semanas\u00bb, subraya Zapico.<\/p>\n<p>\n\t&nbsp;<\/p>\n<p>\n\tUnas actividades que contar\u00e1n con una programaci\u00f3n especial con motivo del D\u00eda Internacional del Libro del 23 abril, centradas en el fomento de la lectura y de las que podr\u00e1n disfrutar los vecinos hasta bien entrado el mes de mayo. \u00abUnas actividades que se van a desarrollar durante todo el mes y que estar\u00e1n centrados en la figura de Gloria Fuertes y Miguel Hern\u00e1ndez\u00bb, subraya el concejal.<\/p>\n<p>\n\t&nbsp;<\/p>\n<p>\n\t&nbsp;<\/p>\n<p>\n\t&nbsp;<\/p>\n<p>\n\t&nbsp;<\/p>\n<p>\n\t&nbsp;<\/p>\n<p>\n\t&nbsp;<\/p>\n<p>\n\t&nbsp;<\/p>\n<p>\n\t&nbsp;<\/p>\n<p>\n\t&nbsp;<\/p>\n","protected":false},"excerpt":{"rendered":"<p>La concejala de Cultura, Fuensanta Lima (PSOE), ha presentado esta campa\u00f1a de promoci\u00f3n de las actividades culturales y las artes en Mijas, en la que cada mes se pondr\u00e1 en valor un g\u00e9nero art\u00edstico diferente Mijas, 11 de abril de 2017.-La concejala de Cultura, Fuensanta Lima (PSOE), acompa\u00f1ado del concejal encargado de las bibliotecas, Hip\u00f3lito [&hellip;]<\/p>\n","protected":false},"author":1,"featured_media":8909,"comment_status":"closed","ping_status":"open","sticky":false,"template":"","format":"standard","meta":[],"categories":[19],"tags":[],"jetpack_featured_media_url":"https:\/\/www.mijas.es\/wp-content\/uploads\/2017\/04\/Image5989.jpg","_links":{"self":[{"href":"https:\/\/www.mijas.es\/portal\/wp-json\/wp\/v2\/posts\/5989"}],"collection":[{"href":"https:\/\/www.mijas.es\/portal\/wp-json\/wp\/v2\/posts"}],"about":[{"href":"https:\/\/www.mijas.es\/portal\/wp-json\/wp\/v2\/types\/post"}],"author":[{"embeddable":true,"href":"https:\/\/www.mijas.es\/portal\/wp-json\/wp\/v2\/users\/1"}],"replies":[{"embeddable":true,"href":"https:\/\/www.mijas.es\/portal\/wp-json\/wp\/v2\/comments?post=5989"}],"version-history":[{"count":0,"href":"https:\/\/www.mijas.es\/portal\/wp-json\/wp\/v2\/posts\/5989\/revisions"}],"wp:featuredmedia":[{"embeddable":true,"href":"https:\/\/www.mijas.es\/portal\/wp-json\/wp\/v2\/media\/8909"}],"wp:attachment":[{"href":"https:\/\/www.mijas.es\/portal\/wp-json\/wp\/v2\/media?parent=5989"}],"wp:term":[{"taxonomy":"category","embeddable":true,"href":"https:\/\/www.mijas.es\/portal\/wp-json\/wp\/v2\/categories?post=5989"},{"taxonomy":"post_tag","embeddable":true,"href":"https:\/\/www.mijas.es\/portal\/wp-json\/wp\/v2\/tags?post=5989"}],"curies":[{"name":"wp","href":"https:\/\/api.w.org\/{rel}","templated":true}]}}