{"id":59492,"date":"2024-11-15T12:40:23","date_gmt":"2024-11-15T11:40:23","guid":{"rendered":"https:\/\/www.mijas.es\/portal\/?p=59492"},"modified":"2024-11-28T10:46:59","modified_gmt":"2024-11-28T09:46:59","slug":"mijas-recoge-mas-de-100-000-kilos-de-productos-de-primera-necesidad-para-los-afectados-por-la-dana","status":"publish","type":"post","link":"https:\/\/www.mijas.es\/portal\/mijas-recoge-mas-de-100-000-kilos-de-productos-de-primera-necesidad-para-los-afectados-por-la-dana\/","title":{"rendered":"Mijas recoge m\u00e1s de 100.000 kilos de productos de primera necesidad para los afectados por la DANA"},"content":{"rendered":"\n<ul>\n<li>La entrega de las donaciones estuvo centralizada en la antigua nave de bomberos<\/li>\n\n\n\n<li>Se ha decidido paralizar la recogida por el momento<\/li>\n<\/ul>\n\n\n\n<p><strong>Mijas, 15 de noviembre de 2024.-<\/strong> Desde el pasado 31 de octubre el Ayuntamiento de <strong>Mijas<\/strong>, a trav\u00e9s del \u00e1rea de Protecci\u00f3n Civil, ha recogido m\u00e1s de 100.000 kilos de productos de primera necesidad destinados a ayudar a los damnificados por la DANA.<\/p>\n\n\n\n<p>\u00c9ste es el balance que se puede hacer de la recogida de productos que se ha llevado a cabo en el municipio que ha sido tan seguida que fue necesario habilitar espacio en la antigua nave de bomberos para coordinar las donaciones. Por el momento, la recogida permanece paralizada.<\/p>\n\n\n\n<p>En estas jornadas de recogida solidaria se han reunido desde agua a art\u00edculos de droguer\u00eda, en concreto 30 pal\u00e9s de alimentaci\u00f3n, 21 de agua, 20 de limpieza, dos de pa\u00f1ales para mayores y ni\u00f1os, uno de alimento para animales, dos de productos de higiene y otros dos de herramientas, entre otros.<\/p>\n\n\n\n<p>Han sido muchos los ciudadanos implicados, a los que se han unido asociaciones y colectivos, voluntarios, empresas y transportistas que han mostrado su disposici\u00f3n a colaborar en todo lo necesario para apoyar a los afectados por la DANA. La alcaldesa, Ana Mata, ha querido agradecer la buena disposici\u00f3n y solidaridad de los mije\u00f1os \u201cque se han implicado al m\u00e1ximo\u201d.<\/p>\n","protected":false},"excerpt":{"rendered":"<p>Mijas, 15 de noviembre de 2024.- Desde el pasado 31 de octubre el Ayuntamiento de Mijas, a trav\u00e9s del \u00e1rea de Protecci\u00f3n Civil, ha recogido m\u00e1s de 100.000 kilos de productos de primera necesidad destinados a ayudar a los damnificados por la DANA. \u00c9ste es el balance que se puede hacer de la recogida de [&hellip;]<\/p>\n","protected":false},"author":1,"featured_media":59493,"comment_status":"closed","ping_status":"open","sticky":false,"template":"","format":"standard","meta":[],"categories":[22,122,19],"tags":[],"jetpack_featured_media_url":"https:\/\/www.mijas.es\/wp-content\/uploads\/2024\/11\/Donaciones-DANA_Nave-bomberos-2.jpeg","_links":{"self":[{"href":"https:\/\/www.mijas.es\/portal\/wp-json\/wp\/v2\/posts\/59492"}],"collection":[{"href":"https:\/\/www.mijas.es\/portal\/wp-json\/wp\/v2\/posts"}],"about":[{"href":"https:\/\/www.mijas.es\/portal\/wp-json\/wp\/v2\/types\/post"}],"author":[{"embeddable":true,"href":"https:\/\/www.mijas.es\/portal\/wp-json\/wp\/v2\/users\/1"}],"replies":[{"embeddable":true,"href":"https:\/\/www.mijas.es\/portal\/wp-json\/wp\/v2\/comments?post=59492"}],"version-history":[{"count":1,"href":"https:\/\/www.mijas.es\/portal\/wp-json\/wp\/v2\/posts\/59492\/revisions"}],"predecessor-version":[{"id":59494,"href":"https:\/\/www.mijas.es\/portal\/wp-json\/wp\/v2\/posts\/59492\/revisions\/59494"}],"wp:featuredmedia":[{"embeddable":true,"href":"https:\/\/www.mijas.es\/portal\/wp-json\/wp\/v2\/media\/59493"}],"wp:attachment":[{"href":"https:\/\/www.mijas.es\/portal\/wp-json\/wp\/v2\/media?parent=59492"}],"wp:term":[{"taxonomy":"category","embeddable":true,"href":"https:\/\/www.mijas.es\/portal\/wp-json\/wp\/v2\/categories?post=59492"},{"taxonomy":"post_tag","embeddable":true,"href":"https:\/\/www.mijas.es\/portal\/wp-json\/wp\/v2\/tags?post=59492"}],"curies":[{"name":"wp","href":"https:\/\/api.w.org\/{rel}","templated":true}]}}