{"id":5942,"date":"2017-03-29T05:37:19","date_gmt":"2017-03-29T05:37:19","guid":{"rendered":"http:\/\/localhost\/pruebaweb\/?p=5942"},"modified":"2017-03-29T05:37:19","modified_gmt":"2017-03-29T05:37:19","slug":"la-asociacion-mujeres-mijitas-organiza-el-mes-de-marzo-de-la-iniciativa-anual-contra-la-violencia-de-genero","status":"publish","type":"post","link":"https:\/\/www.mijas.es\/portal\/la-asociacion-mujeres-mijitas-organiza-el-mes-de-marzo-de-la-iniciativa-anual-contra-la-violencia-de-genero\/","title":{"rendered":"La Asociaci&oacute;n Mujeres Mijitas organiza el mes de marzo de la iniciativa anual contra la violencia de g&eacute;nero"},"content":{"rendered":"<p style=\"text-align: justify;\">\n\tAsimismo, esta entidad ha aprovechado para celebrar su propio D\u00eda de la Mujer conmemorando a las m\u00e1s relevante en su camino como organizaci\u00f3n&nbsp;<\/p>\n<p><\/p>\n<p>\n\t<strong>Mijas, 27 de marzo de 2017.-<\/strong>El alcalde de Mijas, Juan Carlos Maldonado (Cs) ha asistido junto a la edil responsable del \u00e1rea de Igualdad del Ayuntamiento de Mijas, Mari Carmen Carmona (Cs), al acto conmemorativo de cada d\u00eda 25 del mes para la lucha contra la violencia de g\u00e9nero. Igualdad lanz\u00f3 el pasado mes de enero una iniciativa para luchar contra la violencia de g\u00e9nero, en la que alrededor del d\u00eda 25 de cada mes se llevar\u00eda a cabo una actividad relacionada con esta materia y donde puedan participar todas las asociaciones del municipio. En este caso, la asociaci\u00f3n responsable de esta fecha ha sido la Asociaci\u00f3n Mujeres Mijitas.<\/p>\n<p>\n\t&nbsp;<\/p>\n<p>\n\t\u00abLa lucha contra la violencia de g\u00e9nero ha de ser a diario y de manera trasversal en todas las \u00e1reas del Ayuntamiento. Desde el Consistorio luchamos cada d\u00eda para combatir esta lacra y erradicarla de nuestra sociedad\u00bb, apunta Maldonado.<\/p>\n<p>\n\t&nbsp;<\/p>\n<p>\n\t&nbsp;<\/p>\n<p>\n\t\u00abDurante todo el a\u00f1o vamos a contar con actos de esta \u00edndole. Por lo que estamos orgullosos de contar cada mes con un acto dedicado a la mujer y contra la violencia de g\u00e9nero\u00bb, apunta la concejala.<\/p>\n<p>\n\t&nbsp;<\/p>\n<p>\n\tEn este sentido, durante la jornada se ha llevado a cabo diversos actos como el lanzamiento por parte de los hombres asistentes de 20 globos blancos en honor a las 20 v\u00edctimas mujeres desde comienzo de este a\u00f1o. Asimismo, se han le\u00eddo una serie de poes\u00edas dedicadas al g\u00e9nero femenino.<\/p>\n<p>\n\t&nbsp;<\/p>\n<p>\n\tAs\u00ed pues, aprovechando el mes de de marzo, mes de la mujer, esta asociaci\u00f3n ha querido conmemorar a las mujeres m\u00e1s relevantes durante el camino de esta entidad en sus 30 a\u00f1os, haciendo entrega de unos diplomas y placas. \u00abHa sido un acto muy emotivo. Seguimos, desde Igualdad, con nuestra lucha por la mujer y por la erradicaci\u00f3n completa de la violencia de g\u00e9nero\u00bb, expone la edil.<\/p>\n<p>\n\t&nbsp;<\/p>\n<p>\n\t\u00abCon esto queremos que la sociedad se implique y participe con esta iniciativa, ya que la lucha contra esta lacra ha de llevarse a cabo cada d\u00eda de manera transversal y durante todo el a\u00f1o, no solo en el mes de noviembre\u00bb, concluye Carmona.<\/p>\n<p>\n\t&nbsp;<\/p>\n","protected":false},"excerpt":{"rendered":"<p>Asimismo, esta entidad ha aprovechado para celebrar su propio D\u00eda de la Mujer conmemorando a las m\u00e1s relevante en su camino como organizaci\u00f3n&nbsp; Mijas, 27 de marzo de 2017.-El alcalde de Mijas, Juan Carlos Maldonado (Cs) ha asistido junto a la edil responsable del \u00e1rea de Igualdad del Ayuntamiento de Mijas, Mari Carmen Carmona (Cs), [&hellip;]<\/p>\n","protected":false},"author":1,"featured_media":8868,"comment_status":"closed","ping_status":"open","sticky":false,"template":"","format":"standard","meta":[],"categories":[19],"tags":[],"jetpack_featured_media_url":"https:\/\/www.mijas.es\/wp-content\/uploads\/2017\/03\/Image5942.jpg","_links":{"self":[{"href":"https:\/\/www.mijas.es\/portal\/wp-json\/wp\/v2\/posts\/5942"}],"collection":[{"href":"https:\/\/www.mijas.es\/portal\/wp-json\/wp\/v2\/posts"}],"about":[{"href":"https:\/\/www.mijas.es\/portal\/wp-json\/wp\/v2\/types\/post"}],"author":[{"embeddable":true,"href":"https:\/\/www.mijas.es\/portal\/wp-json\/wp\/v2\/users\/1"}],"replies":[{"embeddable":true,"href":"https:\/\/www.mijas.es\/portal\/wp-json\/wp\/v2\/comments?post=5942"}],"version-history":[{"count":0,"href":"https:\/\/www.mijas.es\/portal\/wp-json\/wp\/v2\/posts\/5942\/revisions"}],"wp:featuredmedia":[{"embeddable":true,"href":"https:\/\/www.mijas.es\/portal\/wp-json\/wp\/v2\/media\/8868"}],"wp:attachment":[{"href":"https:\/\/www.mijas.es\/portal\/wp-json\/wp\/v2\/media?parent=5942"}],"wp:term":[{"taxonomy":"category","embeddable":true,"href":"https:\/\/www.mijas.es\/portal\/wp-json\/wp\/v2\/categories?post=5942"},{"taxonomy":"post_tag","embeddable":true,"href":"https:\/\/www.mijas.es\/portal\/wp-json\/wp\/v2\/tags?post=5942"}],"curies":[{"name":"wp","href":"https:\/\/api.w.org\/{rel}","templated":true}]}}