{"id":58824,"date":"2024-10-04T10:54:23","date_gmt":"2024-10-04T09:54:23","guid":{"rendered":"https:\/\/www.mijas.es\/portal\/?p=58824"},"modified":"2024-10-04T10:54:24","modified_gmt":"2024-10-04T09:54:24","slug":"el-ayuntamiento-de-mijas-saca-a-licitacion-la-redaccion-del-proyecto-para-la-ampliacion-y-remodelacion-del-campo-de-futbol-de-la-cala","status":"publish","type":"post","link":"https:\/\/www.mijas.es\/portal\/el-ayuntamiento-de-mijas-saca-a-licitacion-la-redaccion-del-proyecto-para-la-ampliacion-y-remodelacion-del-campo-de-futbol-de-la-cala\/","title":{"rendered":"El Ayuntamiento de Mijas saca a licitaci\u00f3n la redacci\u00f3n del proyecto para la ampliaci\u00f3n y remodelaci\u00f3n del campo de f\u00fatbol de La Cala"},"content":{"rendered":"\n<ul>\n<li>El presupuesto para la redacci\u00f3n del mismo es de 70.000 euros y se ha establecido un plazo m\u00e1ximo de ejecuci\u00f3n de 120 d\u00edas<\/li>\n\n\n\n<li>Deber\u00e1 constar de memoria, planos de conjunto y de detalle, pliego de prescripciones t\u00e9cnicas particulares y presupuesto, as\u00ed como plan de obra y estudio de seguridad y salud<\/li>\n<\/ul>\n\n\n\n<p><strong>Mijas, 04 de octubre de 2024.- <\/strong>El Ayuntamiento de <strong>Mijas<\/strong>, a trav\u00e9s del \u00e1rea de Infraestructuras y Obras, ha sacado a licitaci\u00f3n el contrato de servicio de asistencia t\u00e9cnica para la redacci\u00f3n del proyecto b\u00e1sico y de ejecuci\u00f3n para la ampliaci\u00f3n y remodelaci\u00f3n del campo de f\u00fatbol de La Cala.<\/p>\n\n\n\n<p>Con un presupuesto de 57.851,24\u20ac (IVA no incluido), el objetivo es llevar a cabo su reparaci\u00f3n y remodelaci\u00f3n, la ampliaci\u00f3n de sus dependencias anexas y la mejora de la eficiencia energ\u00e9tica. Deber\u00e1 preverse, adem\u00e1s, la simultaneidad de las obras con el uso del campo y la accesibilidad al mismo. Para ello se ha establecido un plazo de ejecuci\u00f3n de 120 d\u00edas.<\/p>\n\n\n\n<p>La alcaldesa de <strong>Mijas<\/strong>, Ana Mata, ha declarado que se trata de \u201cdar respuesta a la necesidad de solucionar el desgaste de las instalaciones y de dotarla de una infraestructura complementaria que se ajuste a la realidad del gran n\u00famero de personas que hacen uso de este espacio. Para este equipo de gobierno el compromiso con el deporte es innegable, por lo que debemos dotar al municipio de unas infraestructuras acordes a su densidad poblacional y a la importante afici\u00f3n deportiva que existe. Con esta ampliaci\u00f3n y remodelaci\u00f3n atendemos una petici\u00f3n reclamada desde hace tiempo y que por fin vamos a solucionar\u201d.<\/p>\n\n\n\n<p>La documentaci\u00f3n a presentar por las empresas interesadas se dividir\u00e1 en dos fases independientes. De un lado, se deber\u00e1 contemplar la sustituci\u00f3n del c\u00e9sped, del equipamiento deportivo y la circulaci\u00f3n peatonal alrededor del campo y, por otro lado, la ejecuci\u00f3n de una dependencia anexa nueva, con gradas cubiertas y con los usos complementarios al campo de f\u00fatbol.<\/p>\n\n\n\n<p>El pliego tambi\u00e9n hace referencia a la sustituci\u00f3n del c\u00e9sped debe hacerse por uno de \u00faltima generaci\u00f3n que proporcione un mayor rendimiento y calidad, con una alta resistencia a la abrasi\u00f3n y a los rayos ultravioletas, con una \u00f3ptima capacidad de recuperaci\u00f3n, as\u00ed como del control del rebote y de la rodadura del bal\u00f3n. Todo ello repercutir\u00e1 de manera positiva no s\u00f3lo en el rendimiento del jugador sino, tambi\u00e9n, en la indudable mejora de la imagen del campo.<\/p>\n\n\n\n<p>En cuanto al equipamiento deportivo, se contempla la sustituci\u00f3n de las porter\u00edas de f\u00fatbol 7 y f\u00fatbol 11, a ser posible con ruedas para evitar la abrasi\u00f3n del c\u00e9sped por el rozamiento al abatirlas, as\u00ed como nuevos banquillo de suplentes, \u00e1rbitros y banderines. De igual manera, tambi\u00e9n se recoge la renovaci\u00f3n de las canalizaciones.<\/p>\n\n\n\n<p>La segunda fase de ejecuci\u00f3n, la relativa a la demolici\u00f3n del edificio actual y que ocupa vestuarios, almac\u00e9n y cuarto de m\u00e1quinas, se refiere a una propuesta m\u00e1s funcional que albergue grader\u00edo cubierto, accesos con taquillas, recepci\u00f3n y administraci\u00f3n, sala de reuni\u00f3n, vestuarios con duchas y taquillas, almac\u00e9n, ba\u00f1os para p\u00fablico accesibles, cafeter\u00eda y terraza, as\u00ed como un espacio polivalente donde desarrollar pr\u00e1cticas deportivas complementarias como sala de entrenamiento y musculaci\u00f3n, entre otras actuaciones.<\/p>\n\n\n\n<p>En este sentido, la concejala de Deportes, M\u00aa Francisca Alarc\u00f3n, ha incidido en lo necesario de esta intervenci\u00f3n, dado el estado en el que se encuentra el campo y ha detallado que las gradas actuales carecen de zona cubierta \u201clo que hace imposible su uso en los d\u00edas de mucho sol o de lluvias, de ah\u00ed la importancia de construir unas gradas cubiertas que faciliten que no sea un \u00e1rea desaprovechada\u201d.<\/p>\n\n\n\n<p>Todo ello debe estar presidido por soluciones que maximicen la eficiencia energ\u00e9tica y la sostenibilidad.<\/p>\n\n\n\n<p>En palabras de Lourdes Burgos, concejala de Urbanismo, \u201ces un proyecto ambicioso y muy relevante para Mijas que busca dotar de una mayor funcionalidad y est\u00e9tica a un espacio con una importancia muy significativa deportiva y social para la comunidad\u201d.<\/p>\n","protected":false},"excerpt":{"rendered":"<p>Mijas, 04 de octubre de 2024.- El Ayuntamiento de Mijas, a trav\u00e9s del \u00e1rea de Infraestructuras y Obras, ha sacado a licitaci\u00f3n el contrato de servicio de asistencia t\u00e9cnica para la redacci\u00f3n del proyecto b\u00e1sico y de ejecuci\u00f3n para la ampliaci\u00f3n y remodelaci\u00f3n del campo de f\u00fatbol de La Cala. Con un presupuesto de 57.851,24\u20ac [&hellip;]<\/p>\n","protected":false},"author":1,"featured_media":58825,"comment_status":"closed","ping_status":"open","sticky":false,"template":"","format":"standard","meta":[],"categories":[22,122,6,4],"tags":[],"jetpack_featured_media_url":"https:\/\/www.mijas.es\/wp-content\/uploads\/2024\/10\/Campo-futbol-La-Cala-1.jpeg","_links":{"self":[{"href":"https:\/\/www.mijas.es\/portal\/wp-json\/wp\/v2\/posts\/58824"}],"collection":[{"href":"https:\/\/www.mijas.es\/portal\/wp-json\/wp\/v2\/posts"}],"about":[{"href":"https:\/\/www.mijas.es\/portal\/wp-json\/wp\/v2\/types\/post"}],"author":[{"embeddable":true,"href":"https:\/\/www.mijas.es\/portal\/wp-json\/wp\/v2\/users\/1"}],"replies":[{"embeddable":true,"href":"https:\/\/www.mijas.es\/portal\/wp-json\/wp\/v2\/comments?post=58824"}],"version-history":[{"count":1,"href":"https:\/\/www.mijas.es\/portal\/wp-json\/wp\/v2\/posts\/58824\/revisions"}],"predecessor-version":[{"id":58826,"href":"https:\/\/www.mijas.es\/portal\/wp-json\/wp\/v2\/posts\/58824\/revisions\/58826"}],"wp:featuredmedia":[{"embeddable":true,"href":"https:\/\/www.mijas.es\/portal\/wp-json\/wp\/v2\/media\/58825"}],"wp:attachment":[{"href":"https:\/\/www.mijas.es\/portal\/wp-json\/wp\/v2\/media?parent=58824"}],"wp:term":[{"taxonomy":"category","embeddable":true,"href":"https:\/\/www.mijas.es\/portal\/wp-json\/wp\/v2\/categories?post=58824"},{"taxonomy":"post_tag","embeddable":true,"href":"https:\/\/www.mijas.es\/portal\/wp-json\/wp\/v2\/tags?post=58824"}],"curies":[{"name":"wp","href":"https:\/\/api.w.org\/{rel}","templated":true}]}}