{"id":57208,"date":"2024-06-26T13:02:58","date_gmt":"2024-06-26T12:02:58","guid":{"rendered":"https:\/\/www.mijas.es\/portal\/?p=57208"},"modified":"2024-06-26T13:02:59","modified_gmt":"2024-06-26T12:02:59","slug":"el-pleno-aprueba-una-modificacion-inicial-del-pgou-que-permitira-la-construccion-de-un-centro-asistencial","status":"publish","type":"post","link":"https:\/\/www.mijas.es\/portal\/el-pleno-aprueba-una-modificacion-inicial-del-pgou-que-permitira-la-construccion-de-un-centro-asistencial\/","title":{"rendered":"El pleno aprueba una modificaci\u00f3n inicial del PGOU que permitir\u00e1 la construcci\u00f3n de un centro asistencial"},"content":{"rendered":"\n<ul>\n<li>La parcela conocida como El Morralillo pasa a tener calificaci\u00f3n de suelo urbanizable ordenado de uso terciario<\/li>\n\n\n\n<li>Ubicada en el n\u00facleo urbano de las Lagunas, abarca una superficie de m\u00e1s de 34.000m<sup>2<\/sup><\/li>\n<\/ul>\n\n\n\n<p><strong>Mijas, 26 de junio de 2024.- <\/strong>El pleno ordinario celebrado esta ma\u00f1ana en el Ayuntamiento de <strong>Mijas <\/strong>ha aprobado por unanimidad una modificaci\u00f3n inicial del PGOU correspondiente a una parcela ubicada en el n\u00facleo urbano de Las Lagunas, conocida como El Morralillo II. Hasta este momento ten\u00eda calificaci\u00f3n de suelo urbanizable sectorizado con uso residencial y, tras la aprobaci\u00f3n plenaria, pasar\u00e1 a estar catalogada como suelo urbanizable ordenado de uso terciario.<\/p>\n\n\n\n<p>Al inicio de la sesi\u00f3n, la alcaldesa ha querido trasladar el p\u00e9same a la bancada del PSOE y a la familia de Rafael Torrubia, alcalde de Periana, quien falleci\u00f3 hace unos d\u00edas a causa de un infarto fulminante con apenas 52 a\u00f1os. \u201cPor encima de los colores pol\u00edticos est\u00e1n las personas y no quer\u00eda dejar pasar esta oportunidad para indicarles que comparto su dolor y pena. Es una gran p\u00e9rdida. Descanse en paz\u201d, ha valorado la regidora.<\/p>\n\n\n\n<p>En cuanto a la modificaci\u00f3n inicial gracias a ella se podr\u00e1 desarrollar un equipamiento socio-asistencial de alojamiento comunitario o, dicho de otra manera, un centro asistencial de cuidados paliativos que ocupar\u00e1 una parcela de 34.820m<sup>2<\/sup>.<\/p>\n\n\n\n<p>El cambio de ordenaci\u00f3n viene justificado por el inter\u00e9s p\u00fablico de la propuesta que, entre otras variables, ha tenido en cuenta el servicio asistencial que prestar\u00e1, adem\u00e1s del importante impacto en la creaci\u00f3n de empleo y riqueza que repercutir\u00e1 de manera directa en el municipio. Adem\u00e1s, al recibir la denominaci\u00f3n de \u201cordenado\u201d, se agilizar\u00e1n los procedimientos administrativos y la simplificaci\u00f3n de las tramitaciones necesarias.<\/p>\n\n\n\n<p>Durante su intervenci\u00f3n, Lourdes Burgos, concejala de Urbanismo, ha mostrado su satisfacci\u00f3n por el respaldo un\u00e1nime de la corporaci\u00f3n y ha destacado la bondad de una herramienta como la LISTA gracias a la cual \u201cpodemos sortear obst\u00e1culos para solucionar los problemas reales del municipio\u201d para, a continuaci\u00f3n, a\u00f1adir que es un momento \u201cpara mirar hacia delante e impulsar proyectos de futuro\u201d. Adem\u00e1s, ha informado que dicho centro ser\u00e1 explotado por una fundaci\u00f3n y que, por tanto, ser\u00e1 la sociedad mije\u00f1a la que se beneficie directamente de sus servicios.<\/p>\n\n\n\n<p>Por \u00faltimo, tambi\u00e9n se contempla una modificaci\u00f3n del sistema general viario cuya ejecuci\u00f3n es imprescindible para garantizar la conexi\u00f3n del sector, as\u00ed como asegurar la movilidad y la accesibilidad del mismo.<\/p>\n\n\n\n<p>Tras esta decisi\u00f3n adoptada por el pleno, se podr\u00e1n iniciar los tr\u00e1mites burocr\u00e1ticos y administrativos necesarios para impulsar la puesta en marcha de dicho centro asistencial. Para ello, lo siguiente ser\u00e1 trasladarlo a la comisi\u00f3n provincial de urbanismo para que emitan los informes sectoriales correspondientes.<\/p>\n\n\n\n<p><strong>Modificaci\u00f3n de La Ventilla<\/strong><\/p>\n\n\n\n<p>Por otro lado, la sesi\u00f3n plenaria tambi\u00e9n ha aprobado de forma inicial y por unanimidad la modificaci\u00f3n de elementos del PGOU de la parcela conocida como La Ventilla, cuya calificaci\u00f3n pasa de suelo r\u00fastico a industrial para atender, as\u00ed, \u201ca la importante demanda que existe en nuestro municipio por este tipo de suelos que son muy escasos\u201d, ha declarado la edil de Urbanismo.<\/p>\n\n\n\n<p>Burgos ha anunciado que el objetivo del equipo de gobierno es trabajar sobre un plan estrat\u00e9gico que ayude a identificar las debilidades y carencias del actual PGOU, aprobado en 1999, y que sea una herramienta de trabajo para impulsar un Plan General de Ordenaci\u00f3n Urbana que atienda a las necesidades de las futuras generaciones y en el que haya un reparto m\u00e1s equitativo y ajustado a la realidad entre los distintos tipos de parcela, de manera que se palien las actuales carencias de suelo industrial y terciario, entre otras cuestiones.<\/p>\n\n\n\n<p>Para finalizar, en la sesi\u00f3n tambi\u00e9n se ha aprobado por unanimidad el calendario de festivos locales para el a\u00f1o 2025, que contempla el d\u00eda 8 de septiembre con motivo de la Virgen de la Pe\u00f1a, y el 15 de octubre, d\u00eda de Santa Teresa.<\/p>\n","protected":false},"excerpt":{"rendered":"<p>Mijas, 26 de junio de 2024.- El pleno ordinario celebrado esta ma\u00f1ana en el Ayuntamiento de Mijas ha aprobado por unanimidad una modificaci\u00f3n inicial del PGOU correspondiente a una parcela ubicada en el n\u00facleo urbano de Las Lagunas, conocida como El Morralillo II. Hasta este momento ten\u00eda calificaci\u00f3n de suelo urbanizable sectorizado con uso residencial [&hellip;]<\/p>\n","protected":false},"author":1,"featured_media":57209,"comment_status":"closed","ping_status":"open","sticky":false,"template":"","format":"standard","meta":[],"categories":[22,19],"tags":[],"jetpack_featured_media_url":"https:\/\/www.mijas.es\/wp-content\/uploads\/2024\/06\/Pleno-mes-de-junio.jpg","_links":{"self":[{"href":"https:\/\/www.mijas.es\/portal\/wp-json\/wp\/v2\/posts\/57208"}],"collection":[{"href":"https:\/\/www.mijas.es\/portal\/wp-json\/wp\/v2\/posts"}],"about":[{"href":"https:\/\/www.mijas.es\/portal\/wp-json\/wp\/v2\/types\/post"}],"author":[{"embeddable":true,"href":"https:\/\/www.mijas.es\/portal\/wp-json\/wp\/v2\/users\/1"}],"replies":[{"embeddable":true,"href":"https:\/\/www.mijas.es\/portal\/wp-json\/wp\/v2\/comments?post=57208"}],"version-history":[{"count":1,"href":"https:\/\/www.mijas.es\/portal\/wp-json\/wp\/v2\/posts\/57208\/revisions"}],"predecessor-version":[{"id":57210,"href":"https:\/\/www.mijas.es\/portal\/wp-json\/wp\/v2\/posts\/57208\/revisions\/57210"}],"wp:featuredmedia":[{"embeddable":true,"href":"https:\/\/www.mijas.es\/portal\/wp-json\/wp\/v2\/media\/57209"}],"wp:attachment":[{"href":"https:\/\/www.mijas.es\/portal\/wp-json\/wp\/v2\/media?parent=57208"}],"wp:term":[{"taxonomy":"category","embeddable":true,"href":"https:\/\/www.mijas.es\/portal\/wp-json\/wp\/v2\/categories?post=57208"},{"taxonomy":"post_tag","embeddable":true,"href":"https:\/\/www.mijas.es\/portal\/wp-json\/wp\/v2\/tags?post=57208"}],"curies":[{"name":"wp","href":"https:\/\/api.w.org\/{rel}","templated":true}]}}