{"id":57189,"date":"2024-06-24T12:49:24","date_gmt":"2024-06-24T11:49:24","guid":{"rendered":"https:\/\/www.mijas.es\/portal\/?p=57189"},"modified":"2024-07-04T12:16:47","modified_gmt":"2024-07-04T11:16:47","slug":"la-unidad-ciclista-de-la-policia-local-de-mijas-velara-por-la-seguridad-del-litoral-durante-el-periodo-estival","status":"publish","type":"post","link":"https:\/\/www.mijas.es\/portal\/la-unidad-ciclista-de-la-policia-local-de-mijas-velara-por-la-seguridad-del-litoral-durante-el-periodo-estival\/","title":{"rendered":"La unidad ciclista de la Polic\u00eda Local de Mijas velar\u00e1 por la seguridad del litoral durante el periodo estival"},"content":{"rendered":"\n<ul>\n<li>Dos parejas de agentes patrullar\u00e1n por toda la senda litoral del 24 de junio al 8 de septiembre, ambos inclusive<\/li>\n\n\n\n<li>Vigilar el cumplimiento de las ordenanzas municipales, controlar la venta ambulante, prevenir hurtos e impedir los masajes ilegales ser\u00e1n algunas de las tareas m\u00e1s significativas que llevar\u00e1n acabo<\/li>\n<\/ul>\n\n\n\n<p><strong>Mijas, 24 de junio de 2024<\/strong>.- Un a\u00f1o m\u00e1s, el litoral mije\u00f1o contar\u00e1 con una unidad ciclista de la Polic\u00eda Local que velar\u00e1 por la seguridad de los vecinos y visitantes. Desde hoy 24 de junio y hasta el pr\u00f3ximo 8 de septiembre, entre las 11:00 y las 19:00 horas, dos parejas de agentes se turnar\u00e1n para garantizar el correcto cumplimiento de las ordenanzas municipales, controlar la venta ambulante, prevenir hurtos e impedir los masajes ilegales. En definitiva, para reforzar la seguridad en las playas a lo largo de toda la Senda Litoral, desde el Torre\u00f3n hasta el chiringuito Luna Beach en Calahonda.<\/p>\n\n\n\n<p>As\u00ed lo ha dado a conocer la alcaldesa de <strong>Mijas<\/strong>, Ana Mata, acompa\u00f1ada por el concejal de Polic\u00eda Local, Juan Carlos Cuevas, y por el intendente jefe del cuerpo, Juan Manuel Rosas, que ha querido poner en valor la labor que llevan a cabo estos agentes: \u201cLa presencia de esta unidad ciclista es un garante de la seguridad en nuestro litoral y, adem\u00e1s, una tranquilidad para vecinos y visitantes en el sentido de que nuestras playas no solo est\u00e1n en las mejores condiciones sino que, adem\u00e1s, son seguras, Y es que en <strong>Mijas <\/strong>la poblaci\u00f3n durante estos meses pr\u00e1cticamente se duplica, por lo que no escatimamos esfuerzos para ofrecer a los vecinos y visitantes el mayor bienestar\u201d, ha indicado Ana Mata.<\/p>\n\n\n\n<p>En esta l\u00ednea se ha expresado tambi\u00e9n el intendente jefe de la Polic\u00eda Local, Juan Manuel Rosas, quien ha destacado que esta unidad ciclista es un servicio prioritario, ya que la Senda Litoral, al no ser transitable por otro tipo de veh\u00edculos, las bicicletas el\u00e9ctricas permiten cubrir toda esta zona: \u201cLos agentes tienen una relaci\u00f3n muy directa con los socorristas porque, adem\u00e1s de la presencia preventiva para evitar delitos, tambi\u00e9n llevan a cabo una importante labor en el orden de las playas, como pesca fuera del horario permitido, consumo de estupefacientes, molestias a otro usuarios, a lo que se une una relaci\u00f3n muy directa con los hosteleros que, ante cualquier incidencia, los agentes asisten en cuesti\u00f3n de minutos\u201d.<\/p>\n\n\n\n<p>Por su parte, el concejal de Polic\u00eda Local, Juan Carlos Cuevas, ha insistido en la importancia de la seguridad ciudadana: \u201cMejorar a la seguridad es lo m\u00e1s importante porque afecta a la poblaci\u00f3n y al turismo, por lo que debemos prestarle la m\u00e1xima atenci\u00f3n, raz\u00f3n por la cual estamos ajustando los distintos turnos de los agentes\u201d. En este sentido, durante los meses de verano el dispositivo de agentes se reforzar\u00e1 muy especialmente en el turno de tarde noche, pasando a disponer de una media ocho unidades que actuar\u00e1n en todo el t\u00e9rmino municipal.<\/p>\n\n\n\n<p>Todos han coincidido en hacer un llamamiento al civismo y al respeto a toda la ciudadan\u00eda para que el verano sea sin\u00f3nimo de convivencia, disfrute y concordia en <strong>Mijas<\/strong>.<\/p>\n","protected":false},"excerpt":{"rendered":"<p>Mijas, 24 de junio de 2024.- Un a\u00f1o m\u00e1s, el litoral mije\u00f1o contar\u00e1 con una unidad ciclista de la Polic\u00eda Local que velar\u00e1 por la seguridad de los vecinos y visitantes. Desde hoy 24 de junio y hasta el pr\u00f3ximo 8 de septiembre, entre las 11:00 y las 19:00 horas, dos parejas de agentes se [&hellip;]<\/p>\n","protected":false},"author":1,"featured_media":57190,"comment_status":"closed","ping_status":"open","sticky":false,"template":"","format":"standard","meta":[],"categories":[122,19],"tags":[],"jetpack_featured_media_url":"https:\/\/www.mijas.es\/wp-content\/uploads\/2024\/06\/Unidad-ciclista-policia-11-scaled.jpeg","_links":{"self":[{"href":"https:\/\/www.mijas.es\/portal\/wp-json\/wp\/v2\/posts\/57189"}],"collection":[{"href":"https:\/\/www.mijas.es\/portal\/wp-json\/wp\/v2\/posts"}],"about":[{"href":"https:\/\/www.mijas.es\/portal\/wp-json\/wp\/v2\/types\/post"}],"author":[{"embeddable":true,"href":"https:\/\/www.mijas.es\/portal\/wp-json\/wp\/v2\/users\/1"}],"replies":[{"embeddable":true,"href":"https:\/\/www.mijas.es\/portal\/wp-json\/wp\/v2\/comments?post=57189"}],"version-history":[{"count":1,"href":"https:\/\/www.mijas.es\/portal\/wp-json\/wp\/v2\/posts\/57189\/revisions"}],"predecessor-version":[{"id":57191,"href":"https:\/\/www.mijas.es\/portal\/wp-json\/wp\/v2\/posts\/57189\/revisions\/57191"}],"wp:featuredmedia":[{"embeddable":true,"href":"https:\/\/www.mijas.es\/portal\/wp-json\/wp\/v2\/media\/57190"}],"wp:attachment":[{"href":"https:\/\/www.mijas.es\/portal\/wp-json\/wp\/v2\/media?parent=57189"}],"wp:term":[{"taxonomy":"category","embeddable":true,"href":"https:\/\/www.mijas.es\/portal\/wp-json\/wp\/v2\/categories?post=57189"},{"taxonomy":"post_tag","embeddable":true,"href":"https:\/\/www.mijas.es\/portal\/wp-json\/wp\/v2\/tags?post=57189"}],"curies":[{"name":"wp","href":"https:\/\/api.w.org\/{rel}","templated":true}]}}