{"id":57130,"date":"2024-06-19T13:54:42","date_gmt":"2024-06-19T12:54:42","guid":{"rendered":"https:\/\/www.mijas.es\/portal\/?p=57130"},"modified":"2024-06-19T13:54:43","modified_gmt":"2024-06-19T12:54:43","slug":"la-noche-de-san-juan-en-mijas-se-vivira-tanto-en-el-pueblo-como-en-la-cala","status":"publish","type":"post","link":"https:\/\/www.mijas.es\/portal\/la-noche-de-san-juan-en-mijas-se-vivira-tanto-en-el-pueblo-como-en-la-cala\/","title":{"rendered":"La Noche de San Juan en Mijas se vivir\u00e1 tanto en el pueblo como en La Cala"},"content":{"rendered":"\n<ul>\n<li>La m\u00fasica en directo y la tradicional quema de j\u00faas centrar\u00e1n la programaci\u00f3n de la noche m\u00e1s corta del a\u00f1o<\/li>\n\n\n\n<li>Habr\u00e1 dispositivos especiales de limpieza, bomberos, polic\u00eda local y protecci\u00f3n civil<\/li>\n<\/ul>\n\n\n\n<p><strong>Mijas, 19 de junio de 2024.- <\/strong>El pr\u00f3ximo domingo 23 de junio se celebrar\u00e1 en <strong>Mijas <\/strong>la tradicional Noche de San Juan. Por dicho motivo, el Ayuntamiento, a trav\u00e9s del \u00e1rea de Fiestas, ha preparado una agenda de actividades que se llevar\u00e1n a cabo tanto en el propio pueblo como en La Cala.<\/p>\n\n\n\n<p>As\u00ed lo ha dado a conocer Ana Mata, alcaldesa de Mijas, quien acompa\u00f1ada por la edil de Fiestas, Silvia Mar\u00edn, y representantes de los empresarios de playas, cuerpos de seguridad y servicios operativos, han dado cuenta de la organizaci\u00f3n de la noche: \u201cLa noche de San Juan es una noche m\u00e1gica que marca el inicio de la temporada estival y que Mijas, como municipio costero que es, vive de manera muy intensa. Desde el ayuntamiento hemos querido plantear una programaci\u00f3n en l\u00ednea con nuestra propuesta de \u2018Mijas con Alma\u2019 ya que, en este tipo de tradiciones y efem\u00e9rides, es donde el alma del municipio se hace notoria. Todo ello sin olvidar y llamar a la responsabilidad de la ciudadan\u00eda en lo que ha prevenci\u00f3n de incendios y comportamiento c\u00edvico se refiere. Obviamente, hay planificado un despliegue de limpieza y seguridad para que la celebraci\u00f3n se lleve a cabo con total garant\u00edas\u201d.<\/p>\n\n\n\n<p>En concreto, a las 21:00 horas dar\u00e1 comienzo la m\u00fasica en directo en los dos n\u00facleos urbanos. En el pueblo actuar\u00e1 el grupo Latidos mientras que en La Cala, Albore\u00e1 ser\u00e1n los encargados de amenizar la jornada; en este n\u00facleo, a partir de las 12:30 horas se ha previsto tambi\u00e9n m\u00fasica en directo a cargo del DJ Berni.<\/p>\n\n\n\n<p>Justo a medianoche ser\u00e1 la quema tradicional de los j\u00faas. En el caso del pueblo, ser\u00e1 la Hermandad del Dulce Nombre de Jes\u00fas Nazareno quien se haga cargo de su gesti\u00f3n, mientras que en La Cala ser\u00e1n las mije\u00f1as Pepa Jarillo y Obdulia Negrete las responsables de llevarlo a cabo y que este a\u00f1o se han decantado por el zoo como tem\u00e1tica central.<\/p>\n\n\n\n<p>Asimismo, los chiringuitos mije\u00f1os tendr\u00e1n su propia programaci\u00f3n con actuaciones musicales para amenizar la que es la noche m\u00e1s corta del a\u00f1o.<\/p>\n\n\n\n<p><strong>Dispositivo especial de seguridad y limpieza<\/strong><\/p>\n\n\n\n<p>Tal y como ha detallado la alcaldesa, el car\u00e1cter festivo de la Noche de San Juan tambi\u00e9n contar\u00e1 con una vertiente preventiva. Para ello habr\u00e1, tanto en La Cala como en el pueblo, una dotaci\u00f3n de bomberos en cada n\u00facleo para prevenir cualquier incidente en la quema de los j\u00faas.<\/p>\n\n\n\n<p>A ello se une un dispositivo de seguridad compuesto por casi una veintena de agentes de Polic\u00eda Local que velar\u00e1n por el correcto desarrollo de la jornada con especial atenci\u00f3n a la prevenci\u00f3n de hogueras no autorizadas. En el dispositivo no faltar\u00e1n los agentes en bicicleta para optimizar la vigilancia y el acceso a toda la franja litoral. Protecci\u00f3n Civil desplegar\u00e1 nueve voluntarios.<\/p>\n\n\n\n<p>Una vez concluya la fiesta, ser\u00e1 el turno de los equipos de limpieza. El dispositivo especial de San Juan est\u00e1 compuesto por 120 operarios y cinco tractores, dos m\u00e1quinas giratorias y dos cribadoras que comenzar\u00e1n con las labores de recogida a las 03:00h. A las 06:00 horas comenzar\u00e1 el equipo de limpieza a mano, cambio de papeleras y limpieza de ba\u00f1os con el objetivo de que, cuando lleguen los primeros ba\u00f1istas, todo est\u00e9 en perfecto estado.<\/p>\n\n\n\n<p>Adem\u00e1s, hay que destacar que los 17 m\u00f3dulos de ba\u00f1os permanecer\u00e1n abiertos toda la noche.<\/p>\n","protected":false},"excerpt":{"rendered":"<p>Mijas, 19 de junio de 2024.- El pr\u00f3ximo domingo 23 de junio se celebrar\u00e1 en Mijas la tradicional Noche de San Juan. Por dicho motivo, el Ayuntamiento, a trav\u00e9s del \u00e1rea de Fiestas, ha preparado una agenda de actividades que se llevar\u00e1n a cabo tanto en el propio pueblo como en La Cala. As\u00ed lo [&hellip;]<\/p>\n","protected":false},"author":1,"featured_media":57131,"comment_status":"closed","ping_status":"open","sticky":false,"template":"","format":"standard","meta":[],"categories":[19],"tags":[],"jetpack_featured_media_url":"https:\/\/www.mijas.es\/wp-content\/uploads\/2024\/06\/San-Juan-Fiesta-1.jpg","_links":{"self":[{"href":"https:\/\/www.mijas.es\/portal\/wp-json\/wp\/v2\/posts\/57130"}],"collection":[{"href":"https:\/\/www.mijas.es\/portal\/wp-json\/wp\/v2\/posts"}],"about":[{"href":"https:\/\/www.mijas.es\/portal\/wp-json\/wp\/v2\/types\/post"}],"author":[{"embeddable":true,"href":"https:\/\/www.mijas.es\/portal\/wp-json\/wp\/v2\/users\/1"}],"replies":[{"embeddable":true,"href":"https:\/\/www.mijas.es\/portal\/wp-json\/wp\/v2\/comments?post=57130"}],"version-history":[{"count":1,"href":"https:\/\/www.mijas.es\/portal\/wp-json\/wp\/v2\/posts\/57130\/revisions"}],"predecessor-version":[{"id":57133,"href":"https:\/\/www.mijas.es\/portal\/wp-json\/wp\/v2\/posts\/57130\/revisions\/57133"}],"wp:featuredmedia":[{"embeddable":true,"href":"https:\/\/www.mijas.es\/portal\/wp-json\/wp\/v2\/media\/57131"}],"wp:attachment":[{"href":"https:\/\/www.mijas.es\/portal\/wp-json\/wp\/v2\/media?parent=57130"}],"wp:term":[{"taxonomy":"category","embeddable":true,"href":"https:\/\/www.mijas.es\/portal\/wp-json\/wp\/v2\/categories?post=57130"},{"taxonomy":"post_tag","embeddable":true,"href":"https:\/\/www.mijas.es\/portal\/wp-json\/wp\/v2\/tags?post=57130"}],"curies":[{"name":"wp","href":"https:\/\/api.w.org\/{rel}","templated":true}]}}