{"id":57118,"date":"2024-06-18T13:47:34","date_gmt":"2024-06-18T12:47:34","guid":{"rendered":"https:\/\/www.mijas.es\/portal\/?p=57118"},"modified":"2024-06-19T12:48:47","modified_gmt":"2024-06-19T11:48:47","slug":"el-dia-21-de-junio-abre-la-piscina-municipal-de-osunillas","status":"publish","type":"post","link":"https:\/\/www.mijas.es\/portal\/el-dia-21-de-junio-abre-la-piscina-municipal-de-osunillas\/","title":{"rendered":"El d\u00eda 21 de junio abre la piscina municipal de Osunillas"},"content":{"rendered":"\n<p><\/p>\n\n\n\n<p><strong>Mijas, 18 de junio de 2024.-<\/strong> Desde el \u00e1rea de Deportes del Ayuntamiento de <strong>Mijas <\/strong>se ha dado a conocer que el pr\u00f3ximo 21 de junio abrir\u00e1 la piscina municipal de Osunillas hasta el 8 de septiembre. El horario de apertura ser\u00e1 de 12:00 a 20:00 horas para ba\u00f1o libre y para acceder hay que estar empadronado y constatarlo con el DNI o el certificado de empadronamiento.<\/p>\n\n\n\n<p>El cuanto a las clases de nataci\u00f3n las inscripciones estar\u00e1n abiertas hasta este mi\u00e9rcoles 19 de junio en la oficina del gimnasio de <strong>Mijas <\/strong>Pueblo. Las clases est\u00e1n previstas los lunes, mi\u00e9rcoles y viernes de 12:00 a 13:00 horas y de 13:00 a 14:00 horas. Se desarrollar\u00e1n los meses de julio y agosto y hay un total de 50 plazas por turno.<\/p>\n","protected":false},"excerpt":{"rendered":"<p>Mijas, 18 de junio de 2024.- Desde el \u00e1rea de Deportes del Ayuntamiento de Mijas se ha dado a conocer que el pr\u00f3ximo 21 de junio abrir\u00e1 la piscina municipal de Osunillas hasta el 8 de septiembre. El horario de apertura ser\u00e1 de 12:00 a 20:00 horas para ba\u00f1o libre y para acceder hay que [&hellip;]<\/p>\n","protected":false},"author":1,"featured_media":57120,"comment_status":"closed","ping_status":"open","sticky":false,"template":"","format":"standard","meta":[],"categories":[6,19],"tags":[],"jetpack_featured_media_url":"https:\/\/www.mijas.es\/wp-content\/uploads\/2024\/06\/f3b3bbd3-dc47-40ec-892e-f670899a9784.jpg","_links":{"self":[{"href":"https:\/\/www.mijas.es\/portal\/wp-json\/wp\/v2\/posts\/57118"}],"collection":[{"href":"https:\/\/www.mijas.es\/portal\/wp-json\/wp\/v2\/posts"}],"about":[{"href":"https:\/\/www.mijas.es\/portal\/wp-json\/wp\/v2\/types\/post"}],"author":[{"embeddable":true,"href":"https:\/\/www.mijas.es\/portal\/wp-json\/wp\/v2\/users\/1"}],"replies":[{"embeddable":true,"href":"https:\/\/www.mijas.es\/portal\/wp-json\/wp\/v2\/comments?post=57118"}],"version-history":[{"count":1,"href":"https:\/\/www.mijas.es\/portal\/wp-json\/wp\/v2\/posts\/57118\/revisions"}],"predecessor-version":[{"id":57121,"href":"https:\/\/www.mijas.es\/portal\/wp-json\/wp\/v2\/posts\/57118\/revisions\/57121"}],"wp:featuredmedia":[{"embeddable":true,"href":"https:\/\/www.mijas.es\/portal\/wp-json\/wp\/v2\/media\/57120"}],"wp:attachment":[{"href":"https:\/\/www.mijas.es\/portal\/wp-json\/wp\/v2\/media?parent=57118"}],"wp:term":[{"taxonomy":"category","embeddable":true,"href":"https:\/\/www.mijas.es\/portal\/wp-json\/wp\/v2\/categories?post=57118"},{"taxonomy":"post_tag","embeddable":true,"href":"https:\/\/www.mijas.es\/portal\/wp-json\/wp\/v2\/tags?post=57118"}],"curies":[{"name":"wp","href":"https:\/\/api.w.org\/{rel}","templated":true}]}}