{"id":56481,"date":"2024-05-17T11:43:40","date_gmt":"2024-05-17T10:43:40","guid":{"rendered":"https:\/\/www.mijas.es\/portal\/?p=56481"},"modified":"2024-05-21T12:57:33","modified_gmt":"2024-05-21T11:57:33","slug":"ochenta-alumnos-y-alumnas-de-secundaria-de-mijas-han-sido-formados-como-mediadores-por-la-igualdad","status":"publish","type":"post","link":"https:\/\/www.mijas.es\/portal\/ochenta-alumnos-y-alumnas-de-secundaria-de-mijas-han-sido-formados-como-mediadores-por-la-igualdad\/","title":{"rendered":"Ochenta alumnos y alumnas de secundaria de Mijas han sido formados como mediadores por la igualdad"},"content":{"rendered":"\n<ul>\n<li>Dicho programa arranc\u00f3 el pasado mes de noviembre y en el mismo han participado los siete IES del municipio<\/li>\n\n\n\n<li>Esta ma\u00f1ana se ha llevado a cabo la clausura del curso del programa formativo con una convivencia en la que han compartido experiencias y puesto en com\u00fan las conclusiones del programa<\/li>\n<\/ul>\n\n\n\n<p><strong>Mijas, 17 de mayo de 2024<\/strong>.- La alcaldesa de <strong>Mijas<\/strong>, Ana Mata, ha asistido esta ma\u00f1ana al cierre del curso del programa de mediadores por la igualdad, el cual arranc\u00f3 el pasado mes de noviembre y cuyo desarrollo llega a su fin coincidiendo con el D\u00eda Internacional contra la LGTBIFobia.<\/p>\n\n\n\n<p>Ochenta alumnos y alumnas de 3\u00ba de ESO de los siete IES del municipio han formado parte de esta iniciativa que tiene como objetivo fundamental la formaci\u00f3n en materia de igualdad, violencia machista y diversidad de identidades de g\u00e9nero y orientaci\u00f3n sexual, con el objetivo de capacitarlos como Centinelas de la Igualdad para que pueden detectar y evitar situaciones de abuso o agresi\u00f3n tanto en el centro educativo como fuera de \u00e9l.<\/p>\n\n\n\n<p>Es por ello por lo que la educaci\u00f3n juega un papel clave para capacitar a los m\u00e1s j\u00f3venes como transmisores de valores de igualdad, que sean capaces de identificar e intervenir en casos manifiestos de violencia, a la vez que se crea una red de apoyo entre los alumnos y el profesorado para erradicar cualquier situaci\u00f3n de abuso.<\/p>\n\n\n\n<p>Durante la jornada, Ana Mata, alcaldesa de <strong>Mijas <\/strong>y concejala de Familia e Igualdad de Oportunidades, ha puesto en valor la realizaci\u00f3n de este tipo de actividades en el \u00e1mbito educativo y ha recordado que es esencial \u201cque los j\u00f3venes tengan las herramientas necesarias para identificar este tipo de situaciones y hacerles frente, a la vez que adquieren capacidades como la empat\u00eda, la comunicaci\u00f3n, se fomenta el crecimiento personal y el an\u00e1lisis del entorno que, en ocasiones y debido al uso excesivo de la tecnolog\u00eda, complica la detecci\u00f3n precoz de estos escenarios de riesgo\u201d.<\/p>\n\n\n\n<p>A lo largo de los meses en los que se ha desarrollado la iniciativa se ha trabajado en tres bloques diferenciados. Una primera parte dedicada a la formaci\u00f3n, impartida por personal docente especializado en estudios de g\u00e9nero y con experiencia en prevenci\u00f3n de violencia machista; una segunda fase de actuaci\u00f3n con la creaci\u00f3n de una red de apoyo y la organizaci\u00f3n de eventos clave en los distintos centros; y un \u00faltimo bloque destinado al seguimiento para valorar las acciones llevadas a cabo durante el curso lectivo.<\/p>\n\n\n\n<p>Como cierre a estos meses formativos y trabajo conjunto, se ha celebrado una convivencia en la que los centinelas han compartido experiencias, din\u00e1micas y juegos, y han puesto en com\u00fan y extra\u00eddo conclusiones para evaluar y mejorar el desarrollo del programa.<\/p>\n\n\n\n<p>El alumnado mediador y el profesorado tendr\u00e1n la oportunidad compartir experiencias con el resto de centros, valorando los \u00e9xitos, contemplando las dificultades y buscando soluciones a \u00e9stas.<\/p>\n\n\n\n<p>De esta forma, se potencia adem\u00e1s la ampliaci\u00f3n de la red de apoyo, convirti\u00e9ndola en una red municipal en la que participan tanto alumnado, como profesorado y el propio ayuntamiento.<\/p>\n\n\n\n<p>Al coincidir con el D\u00eda Internacional contra la LGTBIFobia, los alumnos y alumnas han redactado de manera conjunta un manifiesto y han dise\u00f1ado cuatro performances teatrales.<\/p>\n","protected":false},"excerpt":{"rendered":"<p>Mijas, 17 de mayo de 2024.- La alcaldesa de Mijas, Ana Mata, ha asistido esta ma\u00f1ana al cierre del curso del programa de mediadores por la igualdad, el cual arranc\u00f3 el pasado mes de noviembre y cuyo desarrollo llega a su fin coincidiendo con el D\u00eda Internacional contra la LGTBIFobia. Ochenta alumnos y alumnas de [&hellip;]<\/p>\n","protected":false},"author":1,"featured_media":56484,"comment_status":"closed","ping_status":"open","sticky":false,"template":"","format":"standard","meta":[],"categories":[122,19],"tags":[],"jetpack_featured_media_url":"https:\/\/www.mijas.es\/wp-content\/uploads\/2024\/05\/Centinelas-igualdad-3.jpeg","_links":{"self":[{"href":"https:\/\/www.mijas.es\/portal\/wp-json\/wp\/v2\/posts\/56481"}],"collection":[{"href":"https:\/\/www.mijas.es\/portal\/wp-json\/wp\/v2\/posts"}],"about":[{"href":"https:\/\/www.mijas.es\/portal\/wp-json\/wp\/v2\/types\/post"}],"author":[{"embeddable":true,"href":"https:\/\/www.mijas.es\/portal\/wp-json\/wp\/v2\/users\/1"}],"replies":[{"embeddable":true,"href":"https:\/\/www.mijas.es\/portal\/wp-json\/wp\/v2\/comments?post=56481"}],"version-history":[{"count":1,"href":"https:\/\/www.mijas.es\/portal\/wp-json\/wp\/v2\/posts\/56481\/revisions"}],"predecessor-version":[{"id":56483,"href":"https:\/\/www.mijas.es\/portal\/wp-json\/wp\/v2\/posts\/56481\/revisions\/56483"}],"wp:featuredmedia":[{"embeddable":true,"href":"https:\/\/www.mijas.es\/portal\/wp-json\/wp\/v2\/media\/56484"}],"wp:attachment":[{"href":"https:\/\/www.mijas.es\/portal\/wp-json\/wp\/v2\/media?parent=56481"}],"wp:term":[{"taxonomy":"category","embeddable":true,"href":"https:\/\/www.mijas.es\/portal\/wp-json\/wp\/v2\/categories?post=56481"},{"taxonomy":"post_tag","embeddable":true,"href":"https:\/\/www.mijas.es\/portal\/wp-json\/wp\/v2\/tags?post=56481"}],"curies":[{"name":"wp","href":"https:\/\/api.w.org\/{rel}","templated":true}]}}