{"id":54867,"date":"2024-02-26T14:48:14","date_gmt":"2024-02-26T13:48:14","guid":{"rendered":"https:\/\/www.mijas.es\/portal\/?p=54867"},"modified":"2024-05-14T12:59:40","modified_gmt":"2024-05-14T11:59:40","slug":"la-parroquia-de-santa-teresa-de-jesus-acogera-el-pregon-de-semana-santa-de-mijas","status":"publish","type":"post","link":"https:\/\/www.mijas.es\/portal\/la-parroquia-de-santa-teresa-de-jesus-acogera-el-pregon-de-semana-santa-de-mijas\/","title":{"rendered":"La Parroquia de Santa Teresa de Jes\u00fas acoger\u00e1 el preg\u00f3n de Semana Santa de Mijas"},"content":{"rendered":"\n<ul>\n<li>Ser\u00e1 el pr\u00f3ximo nueve de marzo a partir de las 20:45 horas y el pregonero en esta ocasi\u00f3n ser\u00e1 Antonio Jes\u00fas G\u00f3mez<\/li>\n<\/ul>\n\n\n\n<p><strong>Mijas, 26 de febrero de 2024.- <\/strong>La concejala de Fiestas, Silvia Mar\u00edn, ha anunciado que el pr\u00f3ximo d\u00eda nueve de marzo tendr\u00e1 lugar el tradicional preg\u00f3n de Semana Santa. Ser\u00e1 en la parroquia de Santa Teresa de Jes\u00fas de La Cala de <strong>Mijas <\/strong>a partir de las 20:45 horas, justo despu\u00e9s de la misa.<\/p>\n\n\n\n<p>\u201cEste acto supone el punto de partida a nuestra Semana Santa, por lo quiero invitar a todos los mije\u00f1os a asistir a este maravilloso preg\u00f3n que nos ofrecer\u00e1 Antonio Jes\u00fas G\u00f3mez, un vecino de La Cala\u201d, ha detallado Mar\u00edn.<\/p>\n\n\n\n<p>Al respecto, la secretaria del Grupo Parroquial de Cristo Crucificado y Virgen de los Dolores de La Cala, Bel\u00e9n Guerra, ha explicado que el pregonero \u201ces una persona muy conocida y vinculada a la Semana de Pasi\u00f3n, por lo que es un orgullo poder contar con \u00e9l en esta fecha tan especial\u201d. En este mismo punto ha coincidido el tesorero de la agrupaci\u00f3n cale\u00f1a, Alejandro Ortiz, al tiempo que ha destacado que en ese mismo evento se dar\u00e1 a conocer el cartel oficial.<\/p>\n\n\n\n<p>La edil ha querido agradecer a las hermandades y grupos parroquiales su trabajo constante a la hora de organizar todas las procesiones y actos lit\u00fargicos de la Semana de Pasi\u00f3n. Para terminar ha querido reiterar el apoyo del Ayuntamiento de <strong>Mijas <\/strong>a estas agrupaciones y a la gran labor social que desempe\u00f1an.<\/p>\n","protected":false},"excerpt":{"rendered":"<p>Mijas, 26 de febrero de 2024.- La concejala de Fiestas, Silvia Mar\u00edn, ha anunciado que el pr\u00f3ximo d\u00eda nueve de marzo tendr\u00e1 lugar el tradicional preg\u00f3n de Semana Santa. Ser\u00e1 en la parroquia de Santa Teresa de Jes\u00fas de La Cala de Mijas a partir de las 20:45 horas, justo despu\u00e9s de la misa. \u201cEste [&hellip;]<\/p>\n","protected":false},"author":1,"featured_media":54868,"comment_status":"closed","ping_status":"open","sticky":false,"template":"","format":"standard","meta":[],"categories":[19],"tags":[],"jetpack_featured_media_url":"https:\/\/www.mijas.es\/wp-content\/uploads\/2024\/02\/Presentacion-pregon-de-Semana-Santa.jpg","_links":{"self":[{"href":"https:\/\/www.mijas.es\/portal\/wp-json\/wp\/v2\/posts\/54867"}],"collection":[{"href":"https:\/\/www.mijas.es\/portal\/wp-json\/wp\/v2\/posts"}],"about":[{"href":"https:\/\/www.mijas.es\/portal\/wp-json\/wp\/v2\/types\/post"}],"author":[{"embeddable":true,"href":"https:\/\/www.mijas.es\/portal\/wp-json\/wp\/v2\/users\/1"}],"replies":[{"embeddable":true,"href":"https:\/\/www.mijas.es\/portal\/wp-json\/wp\/v2\/comments?post=54867"}],"version-history":[{"count":1,"href":"https:\/\/www.mijas.es\/portal\/wp-json\/wp\/v2\/posts\/54867\/revisions"}],"predecessor-version":[{"id":54869,"href":"https:\/\/www.mijas.es\/portal\/wp-json\/wp\/v2\/posts\/54867\/revisions\/54869"}],"wp:featuredmedia":[{"embeddable":true,"href":"https:\/\/www.mijas.es\/portal\/wp-json\/wp\/v2\/media\/54868"}],"wp:attachment":[{"href":"https:\/\/www.mijas.es\/portal\/wp-json\/wp\/v2\/media?parent=54867"}],"wp:term":[{"taxonomy":"category","embeddable":true,"href":"https:\/\/www.mijas.es\/portal\/wp-json\/wp\/v2\/categories?post=54867"},{"taxonomy":"post_tag","embeddable":true,"href":"https:\/\/www.mijas.es\/portal\/wp-json\/wp\/v2\/tags?post=54867"}],"curies":[{"name":"wp","href":"https:\/\/api.w.org\/{rel}","templated":true}]}}