{"id":54393,"date":"2024-02-13T12:54:25","date_gmt":"2024-02-13T11:54:25","guid":{"rendered":"https:\/\/www.mijas.es\/portal\/?p=54393"},"modified":"2024-02-13T12:54:26","modified_gmt":"2024-02-13T11:54:26","slug":"el-area-de-mayores-del-ayuntamiento-de-mijas-organiza-un-gran-baile-de-disfraces-con-motivo-del-carnaval","status":"publish","type":"post","link":"https:\/\/www.mijas.es\/portal\/el-area-de-mayores-del-ayuntamiento-de-mijas-organiza-un-gran-baile-de-disfraces-con-motivo-del-carnaval\/","title":{"rendered":"El \u00e1rea de Mayores del Ayuntamiento de Mijas organiza un gran baile de disfraces con motivo del carnaval"},"content":{"rendered":"\n<ul>\n<li>La concejala responsable, Silvia Mar\u00edn, ha presentado la iniciativa que se celebrar\u00e1 el jueves 22 de febrero en el Cortijo Don El\u00edas a partir de las 17:00 horas<\/li>\n\n\n\n<li>Habr\u00e1 premios al mejor disfraz individual, en pareja y tambi\u00e9n al m\u00e1s creativo<\/li>\n\n\n\n<li>El consistorio dispondr\u00e1 autobuses desde <strong>Mijas <\/strong>Pueblo y La Cala para facilitar el traslado de los asistentes<\/li>\n<\/ul>\n\n\n\n<p><strong>Mijas, 13 de febrero de 2024.- <\/strong>El Ayuntamiento de <strong>Mijas<\/strong>, a trav\u00e9s del \u00e1rea de Mayores, organiza el pr\u00f3ximo jueves 22 de febrero un gran baile de carnaval para los mayores de los tres n\u00facleos del municipio, que tendr\u00e1 lugar en el Cortijo Don El\u00edas.<\/p>\n\n\n\n<p>Tal y como ha informado la concejala de Mayores, Silvia Mar\u00edn, se trata de una gran fiesta de disfraces que comenzar\u00e1 a las 17.00 horas y se extender\u00e1 hasta las 20.00 horas. Los asistentes disfrutar\u00e1n de esta actividad gratuita en la que la diversi\u00f3n estar\u00e1 garantizada con animaci\u00f3n, m\u00fasica y baile. Adem\u00e1s, habr\u00e1 premios en tres categor\u00edas: mejor disfraz individual, mejor disfraz en pareja y mejor disfraz creativo.<\/p>\n\n\n\n<p>\u201cInvito a todos nuestros mayores a que acudan disfrazados porque premiaremos a los que sean m\u00e1s originales y divertidos. Adem\u00e1s, la fiesta contar\u00e1 con una actuaci\u00f3n muy emotiva, pues los alumnos del Taller de Envejecimiento Activo han preparado su propia comparsa y debutar\u00e1n ese d\u00eda\u201d, ha explicado Mar\u00edn.<\/p>\n\n\n\n<p>Con el fin de facilitar el traslado hasta el Cortijo Don El\u00edas, el Ayuntamiento de <strong>Mijas <\/strong>ha dispuesto de autobuses que saldr\u00e1n tanto de <strong>Mijas <\/strong>Pueblo como de La Cala. Para poder hacer uso de dichos veh\u00edculos es indispensable inscribirse previamente en las distintas oficinas de mayores, al ser plazas limitadas. Ambos veh\u00edculos saldr\u00e1n a las 16:30 horas desde la plaza Virgen de la Pe\u00f1a y el llano del recinto ferial, respectivamente, y regresar\u00e1n, aproximadamente, a las 20.30 horas.<\/p>\n","protected":false},"excerpt":{"rendered":"<p>Mijas, 13 de febrero de 2024.- El Ayuntamiento de Mijas, a trav\u00e9s del \u00e1rea de Mayores, organiza el pr\u00f3ximo jueves 22 de febrero un gran baile de carnaval para los mayores de los tres n\u00facleos del municipio, que tendr\u00e1 lugar en el Cortijo Don El\u00edas. Tal y como ha informado la concejala de Mayores, Silvia [&hellip;]<\/p>\n","protected":false},"author":1,"featured_media":54394,"comment_status":"closed","ping_status":"open","sticky":false,"template":"","format":"standard","meta":[],"categories":[19],"tags":[],"jetpack_featured_media_url":"https:\/\/www.mijas.es\/wp-content\/uploads\/2024\/02\/Silvia-Marin_Fiesta-carnaval-mayores_1.jpeg","_links":{"self":[{"href":"https:\/\/www.mijas.es\/portal\/wp-json\/wp\/v2\/posts\/54393"}],"collection":[{"href":"https:\/\/www.mijas.es\/portal\/wp-json\/wp\/v2\/posts"}],"about":[{"href":"https:\/\/www.mijas.es\/portal\/wp-json\/wp\/v2\/types\/post"}],"author":[{"embeddable":true,"href":"https:\/\/www.mijas.es\/portal\/wp-json\/wp\/v2\/users\/1"}],"replies":[{"embeddable":true,"href":"https:\/\/www.mijas.es\/portal\/wp-json\/wp\/v2\/comments?post=54393"}],"version-history":[{"count":1,"href":"https:\/\/www.mijas.es\/portal\/wp-json\/wp\/v2\/posts\/54393\/revisions"}],"predecessor-version":[{"id":54395,"href":"https:\/\/www.mijas.es\/portal\/wp-json\/wp\/v2\/posts\/54393\/revisions\/54395"}],"wp:featuredmedia":[{"embeddable":true,"href":"https:\/\/www.mijas.es\/portal\/wp-json\/wp\/v2\/media\/54394"}],"wp:attachment":[{"href":"https:\/\/www.mijas.es\/portal\/wp-json\/wp\/v2\/media?parent=54393"}],"wp:term":[{"taxonomy":"category","embeddable":true,"href":"https:\/\/www.mijas.es\/portal\/wp-json\/wp\/v2\/categories?post=54393"},{"taxonomy":"post_tag","embeddable":true,"href":"https:\/\/www.mijas.es\/portal\/wp-json\/wp\/v2\/tags?post=54393"}],"curies":[{"name":"wp","href":"https:\/\/api.w.org\/{rel}","templated":true}]}}