{"id":5430,"date":"2016-11-01T08:00:19","date_gmt":"2016-11-01T08:00:19","guid":{"rendered":"http:\/\/localhost\/pruebaweb\/?p=5430"},"modified":"2016-11-01T08:00:19","modified_gmt":"2016-11-01T08:00:19","slug":"un-nuevo-curso-de-defensa-personal-vuelve-al-mijas-el-proximo-sabado-29-de-octubre","status":"publish","type":"post","link":"https:\/\/www.mijas.es\/portal\/un-nuevo-curso-de-defensa-personal-vuelve-al-mijas-el-proximo-sabado-29-de-octubre\/","title":{"rendered":"Un nuevo curso de defensa personal vuelve al Mijas el pr&oacute;ximo s&aacute;bado 29 de octubre"},"content":{"rendered":"<p>\n\tEl taller de Goshin Jitsu va dirigido a personas con un alto grado y conocimiento en la materia que busquen una mejora de sus habilidades y seguir form\u00e1ndose t\u00e9cnicamente<\/p>\n<p><\/p>\n<p>\n\t<strong>Mijas, 26 de octubre de 2016.-<\/strong>El \u00e1rea de Deportes de Mijas anuncia un nuevo curso de Goshin Jitsu que tendr\u00e1 lugar el pr\u00f3ximo s\u00e1bado 29 de octubre a partir de las 9&#8243;30 horas en el pabell\u00f3n de Las Ca\u00f1adas. Esta actividad va dirigida a profesores y alumnos con un cierto nivel o grado, adem\u00e1s de conocimientos en la materia. \u00abTenemos la suerte de contar con un monitor experto en este deporte como es Juan Antonio Ponce, que va mejorar las habilidades de todos los participantes de la mejor forma posible\u00bb apunta la edil responsable del departamento, Nuria Rodr\u00edguez.<\/p>\n<p>\n\t&nbsp;<\/p>\n<p>\n\tEsta disciplina trata de un sistema defensivo que habilita al practicante con una gran variedad de recursos t\u00e9cnicos para que pueda hacer frente a cualquier tipo de agresi\u00f3n, utilizando para ello todo tipo de golpes, luxaciones, escapes o proyecciones si fuera necesario. La filosof\u00eda principal es evitar la confrontaci\u00f3n y ser lo m\u00e1s proporcional en la respuesta.<\/p>\n<p>\n\t&nbsp;<\/p>\n<p>\n\tEl objetivo de este taller conlleva a la obtenci\u00f3n de los grados de cintur\u00f3n negro 3\u00ba Dan Karate y 3\u00ba Dan Goshin, adem\u00e1s de las titulaciones en t\u00e9cnico deportivo de nivel tres, experto en Goshin Jitsu y juez nacional de grados.<\/p>\n<p>\n\t&nbsp;<\/p>\n<p>\n\tAs\u00ed pues, los interesados pueden inscribirse all\u00ed mismo con anticipaci\u00f3n al comienzo del curso. En estos momentos ya existen 30 personas apuntadas de nueve escuelas diferentes, lo que ha duplicado la participaci\u00f3n de las dos ediciones anteriores. \u00abDesde la escuela estamos muy contentos con el resultado que estamos teniendo, ya que en el \u00faltimo a\u00f1o hemos duplicado el n\u00famero de alumnos\u00bb explica el propio monitor de la actividad, Juan Antonio Ponce.<\/p>\n<p>\n\t&nbsp;<\/p>\n<p>\n\tEn este sentido, van a acudir alumnos y profesores de M\u00e1laga, Estepona, Casares, Antequera, Churriana, incluso Granada y Sevilla. \u00abNuestra intenci\u00f3n es dar a conocer esta disciplina y compartir conocimientos con otras escuelas tanto de la provincia de M\u00e1laga como el resto de Andaluc\u00eda\u00bb indica Ponce.<\/p>\n<p>\n\t&nbsp;<\/p>\n<p>\n\t\u00abDesde el Ayuntamiento siempre apoyamos todo tipo de eventos y talleres deportivos en nuestro empe\u00f1o por fomentar una vida saludable y de ejercicio f\u00edsico entre todos nuestros vecinos\u00bb concluye la concejala.<\/p>\n","protected":false},"excerpt":{"rendered":"<p>El taller de Goshin Jitsu va dirigido a personas con un alto grado y conocimiento en la materia que busquen una mejora de sus habilidades y seguir form\u00e1ndose t\u00e9cnicamente Mijas, 26 de octubre de 2016.-El \u00e1rea de Deportes de Mijas anuncia un nuevo curso de Goshin Jitsu que tendr\u00e1 lugar el pr\u00f3ximo s\u00e1bado 29 de [&hellip;]<\/p>\n","protected":false},"author":1,"featured_media":8394,"comment_status":"closed","ping_status":"open","sticky":false,"template":"","format":"standard","meta":[],"categories":[19],"tags":[],"jetpack_featured_media_url":"https:\/\/www.mijas.es\/wp-content\/uploads\/2016\/11\/Image5430.jpg","_links":{"self":[{"href":"https:\/\/www.mijas.es\/portal\/wp-json\/wp\/v2\/posts\/5430"}],"collection":[{"href":"https:\/\/www.mijas.es\/portal\/wp-json\/wp\/v2\/posts"}],"about":[{"href":"https:\/\/www.mijas.es\/portal\/wp-json\/wp\/v2\/types\/post"}],"author":[{"embeddable":true,"href":"https:\/\/www.mijas.es\/portal\/wp-json\/wp\/v2\/users\/1"}],"replies":[{"embeddable":true,"href":"https:\/\/www.mijas.es\/portal\/wp-json\/wp\/v2\/comments?post=5430"}],"version-history":[{"count":0,"href":"https:\/\/www.mijas.es\/portal\/wp-json\/wp\/v2\/posts\/5430\/revisions"}],"wp:featuredmedia":[{"embeddable":true,"href":"https:\/\/www.mijas.es\/portal\/wp-json\/wp\/v2\/media\/8394"}],"wp:attachment":[{"href":"https:\/\/www.mijas.es\/portal\/wp-json\/wp\/v2\/media?parent=5430"}],"wp:term":[{"taxonomy":"category","embeddable":true,"href":"https:\/\/www.mijas.es\/portal\/wp-json\/wp\/v2\/categories?post=5430"},{"taxonomy":"post_tag","embeddable":true,"href":"https:\/\/www.mijas.es\/portal\/wp-json\/wp\/v2\/tags?post=5430"}],"curies":[{"name":"wp","href":"https:\/\/api.w.org\/{rel}","templated":true}]}}