{"id":5381,"date":"2016-10-18T07:42:40","date_gmt":"2016-10-18T07:42:40","guid":{"rendered":"http:\/\/localhost\/pruebaweb\/?p=5381"},"modified":"2016-10-18T07:42:40","modified_gmt":"2016-10-18T07:42:40","slug":"servicios-sociales-coordina-su-accion-con-cruz-roja-y-caritas-para-ayudar-a-mas-familias-mijenas","status":"publish","type":"post","link":"https:\/\/www.mijas.es\/portal\/servicios-sociales-coordina-su-accion-con-cruz-roja-y-caritas-para-ayudar-a-mas-familias-mijenas\/","title":{"rendered":"Servicios Sociales coordina su acci&oacute;n con Cruz Roja y C&aacute;ritas para ayudar a m&aacute;s familias mije&ntilde;as"},"content":{"rendered":"<p>\n\tEste \u00e1rea municipal mantendr\u00e1 reuniones trimestrales con las dos organizaciones sin \u00e1nimo de lucro en pro de combatir la exclusi\u00f3n social<\/p>\n<p><\/p>\n<p>\n\t<strong>Mijas, 17 de octubre de 2016.-<\/strong>El \u00e1rea de Servicios Sociales del Ayuntamiento de Mijas ha mantenido una reuni\u00f3n con los responsables de Cruz Roja y C\u00e1ritas en el municipio para coordinar la acci\u00f3n del Consistorio con la de las dos organizaciones sin \u00e1nimo de lucro. \u00abHemos trazado una l\u00ednea de trabajo com\u00fan para poder ayudar de una manera m\u00e1s eficaz a las familias mije\u00f1as que m\u00e1s lo necesitan. Desde nuestro departamento realizaremos las valoraciones y derivaremos los casos de ayudas m\u00e1s inmediatas a las que no pueda hacer frente el ente local\u00bb, se\u00f1ala la edil responsable del \u00e1rea, Mari Carmen Carmona (Cs).<\/p>\n<p>\n\t&nbsp;<\/p>\n<p>\n\tAs\u00ed pues, la meta de las tres administraciones es sacar de situaci\u00f3n de exclusi\u00f3n social a las personas que se encuentren en esta circunstancia en un plazo m\u00e1ximo de seis meses. Estos organismos prestan apoyo en cuestiones de primera necesidad, como el alimento o la ropa, a lo que hay que sumar las diferentes ayudas que se conceden desde el ente local y la atenci\u00f3n psicol\u00f3gica.<\/p>\n<p>\n\t&nbsp;<\/p>\n<p>\n\t\u00abNos vamos a reunir cada tres meses con los trabajadores sociales de las tres partes en cuesti\u00f3n para ir analizando caso por caso y asentando las bases de actuaci\u00f3n para cada trimestre. De esta manera vamos a poder llegar a m\u00e1s familias y, sobre todo, hacerlo de una manera coordinada\u00bb, concluye Carmona.<\/p>\n","protected":false},"excerpt":{"rendered":"<p>Este \u00e1rea municipal mantendr\u00e1 reuniones trimestrales con las dos organizaciones sin \u00e1nimo de lucro en pro de combatir la exclusi\u00f3n social Mijas, 17 de octubre de 2016.-El \u00e1rea de Servicios Sociales del Ayuntamiento de Mijas ha mantenido una reuni\u00f3n con los responsables de Cruz Roja y C\u00e1ritas en el municipio para coordinar la acci\u00f3n del [&hellip;]<\/p>\n","protected":false},"author":1,"featured_media":8353,"comment_status":"closed","ping_status":"open","sticky":false,"template":"","format":"standard","meta":[],"categories":[19],"tags":[],"jetpack_featured_media_url":"https:\/\/www.mijas.es\/wp-content\/uploads\/2016\/10\/Image5381.jpg","_links":{"self":[{"href":"https:\/\/www.mijas.es\/portal\/wp-json\/wp\/v2\/posts\/5381"}],"collection":[{"href":"https:\/\/www.mijas.es\/portal\/wp-json\/wp\/v2\/posts"}],"about":[{"href":"https:\/\/www.mijas.es\/portal\/wp-json\/wp\/v2\/types\/post"}],"author":[{"embeddable":true,"href":"https:\/\/www.mijas.es\/portal\/wp-json\/wp\/v2\/users\/1"}],"replies":[{"embeddable":true,"href":"https:\/\/www.mijas.es\/portal\/wp-json\/wp\/v2\/comments?post=5381"}],"version-history":[{"count":0,"href":"https:\/\/www.mijas.es\/portal\/wp-json\/wp\/v2\/posts\/5381\/revisions"}],"wp:featuredmedia":[{"embeddable":true,"href":"https:\/\/www.mijas.es\/portal\/wp-json\/wp\/v2\/media\/8353"}],"wp:attachment":[{"href":"https:\/\/www.mijas.es\/portal\/wp-json\/wp\/v2\/media?parent=5381"}],"wp:term":[{"taxonomy":"category","embeddable":true,"href":"https:\/\/www.mijas.es\/portal\/wp-json\/wp\/v2\/categories?post=5381"},{"taxonomy":"post_tag","embeddable":true,"href":"https:\/\/www.mijas.es\/portal\/wp-json\/wp\/v2\/tags?post=5381"}],"curies":[{"name":"wp","href":"https:\/\/api.w.org\/{rel}","templated":true}]}}