{"id":53608,"date":"2024-01-22T14:25:14","date_gmt":"2024-01-22T13:25:14","guid":{"rendered":"https:\/\/www.mijas.es\/portal\/?p=53608"},"modified":"2024-01-22T14:26:45","modified_gmt":"2024-01-22T13:26:45","slug":"convocado-el-ii-festival-de-cortometrajes-mijas-un-pueblo-de-cine","status":"publish","type":"post","link":"https:\/\/www.mijas.es\/portal\/convocado-el-ii-festival-de-cortometrajes-mijas-un-pueblo-de-cine\/","title":{"rendered":"Convocado el II Festival de Cortometrajes \u2018Mijas, un pueblo de cine\u2019"},"content":{"rendered":"\n<ul>\n<li>Del 1 al 23 de febrero los creadores locales podr\u00e1n presentar sus proyectos a trav\u00e9s del \u00e1rea de Cultura<\/li>\n\n\n\n<li>Se admiten cortometrajes de ficci\u00f3n, animaci\u00f3n, experimentales y documentales con una duraci\u00f3n m\u00e1xima de 20 minutos<\/li>\n\n\n\n<li>El concejal de Cultura, Juan Carlos Maldonado, ha presentado esta ma\u00f1ana el certamen<\/li>\n<\/ul>\n\n\n\n<p><strong>Mijas, 22 de enero de 2023<\/strong>.- El Ayuntamiento de <strong>Mijas<\/strong>, a trav\u00e9s del \u00e1rea de Cultura, convoca el II Festival de Cortometrajes \u2018Mijas, un pueblo de cine\u2019, gracias al cual creadores y creadoras del municipio podr\u00e1n concurrir y dar visibilidad a sus trabajos.<\/p>\n\n\n\n<p>Las fechas para la presentaci\u00f3n de las candidaturas ser\u00e1n del 1 al 23 de febrero y las personas interesadas deber\u00e1n hacer llegar sus cortometrajes de ficci\u00f3n, animaci\u00f3n, experimentales y documentales a trav\u00e9s del correo electr\u00f3nico cultura@mijas.es indicando, adem\u00e1s, t\u00edtulo y autor\u00eda, g\u00e9nero, direcci\u00f3n y reparto, realizaci\u00f3n y a\u00f1o de producci\u00f3n, as\u00ed como una breve sinopsis del mismo. La extensi\u00f3n de las distintas piezas presentadas no deber\u00e1 exceder de los 20 minutos.<\/p>\n\n\n\n<p>El concejal de Cultura, Juan Carlos Maldonado, ha sido el encargado de presentar el festival y ha animado a todos los realizadores y realizadoras mije\u00f1as a \u201cparticipar en este proyecto local que pone en valor el inmenso talento creativo del municipio y con el que se busca brindarles la oportunidad de exhibir sus obras\u201d.<\/p>\n\n\n\n<p>Profesionales del cine, de la televisi\u00f3n la m\u00fasica, las artes y la comunicaci\u00f3n compondr\u00e1n el jurado encargado de valorar las distintas propuestas de las que se tendr\u00e1 en cuenta el m\u00e9rito art\u00edstico y creativo, la originalidad, la fotograf\u00eda, la interpretaci\u00f3n y la direcci\u00f3n art\u00edstica.<\/p>\n\n\n\n<p>Adem\u00e1s, los d\u00edas 19 y 20 de abril se proyectar\u00e1n en el Teatro Las Lagunas una selecci\u00f3n de los cortometrajes presentados, en sesiones p\u00fablicas y gratuitas.<\/p>\n","protected":false},"excerpt":{"rendered":"<p>Mijas, 22 de enero de 2023.- El Ayuntamiento de Mijas, a trav\u00e9s del \u00e1rea de Cultura, convoca el II Festival de Cortometrajes \u2018Mijas, un pueblo de cine\u2019, gracias al cual creadores y creadoras del municipio podr\u00e1n concurrir y dar visibilidad a sus trabajos. Las fechas para la presentaci\u00f3n de las candidaturas ser\u00e1n del 1 al [&hellip;]<\/p>\n","protected":false},"author":18,"featured_media":53611,"comment_status":"closed","ping_status":"open","sticky":false,"template":"","format":"standard","meta":[],"categories":[10],"tags":[],"jetpack_featured_media_url":"https:\/\/www.mijas.es\/wp-content\/uploads\/2024\/01\/Cartel-II-Festival-Cortometrajes-1-scaled.jpg","_links":{"self":[{"href":"https:\/\/www.mijas.es\/portal\/wp-json\/wp\/v2\/posts\/53608"}],"collection":[{"href":"https:\/\/www.mijas.es\/portal\/wp-json\/wp\/v2\/posts"}],"about":[{"href":"https:\/\/www.mijas.es\/portal\/wp-json\/wp\/v2\/types\/post"}],"author":[{"embeddable":true,"href":"https:\/\/www.mijas.es\/portal\/wp-json\/wp\/v2\/users\/18"}],"replies":[{"embeddable":true,"href":"https:\/\/www.mijas.es\/portal\/wp-json\/wp\/v2\/comments?post=53608"}],"version-history":[{"count":1,"href":"https:\/\/www.mijas.es\/portal\/wp-json\/wp\/v2\/posts\/53608\/revisions"}],"predecessor-version":[{"id":53610,"href":"https:\/\/www.mijas.es\/portal\/wp-json\/wp\/v2\/posts\/53608\/revisions\/53610"}],"wp:featuredmedia":[{"embeddable":true,"href":"https:\/\/www.mijas.es\/portal\/wp-json\/wp\/v2\/media\/53611"}],"wp:attachment":[{"href":"https:\/\/www.mijas.es\/portal\/wp-json\/wp\/v2\/media?parent=53608"}],"wp:term":[{"taxonomy":"category","embeddable":true,"href":"https:\/\/www.mijas.es\/portal\/wp-json\/wp\/v2\/categories?post=53608"},{"taxonomy":"post_tag","embeddable":true,"href":"https:\/\/www.mijas.es\/portal\/wp-json\/wp\/v2\/tags?post=53608"}],"curies":[{"name":"wp","href":"https:\/\/api.w.org\/{rel}","templated":true}]}}