{"id":5353,"date":"2016-10-12T20:16:01","date_gmt":"2016-10-12T20:16:01","guid":{"rendered":"http:\/\/localhost\/pruebaweb\/?p=5353"},"modified":"2016-10-12T20:16:01","modified_gmt":"2016-10-12T20:16:01","slug":"las-obras-de-la-avenida-de-mejico-en-mijas-pueblo-terminaran-a-finales-de-octubre","status":"publish","type":"post","link":"https:\/\/www.mijas.es\/portal\/las-obras-de-la-avenida-de-mejico-en-mijas-pueblo-terminaran-a-finales-de-octubre\/","title":{"rendered":"Las obras de la Avenida de M&eacute;jico en Mijas Pueblo terminar&aacute;n a finales de octubre"},"content":{"rendered":"<p>\n\tEsta es la pen\u00faltima actuaci\u00f3n de infraestructuras en el casco hist\u00f3rico enmarcadas dentro del Plan Qualifica que concluir\u00e1 con la renovaci\u00f3n de la plaza de la Constituci\u00f3n<\/p>\n<p><\/p>\n<p>\n\t<strong>Mijas, 10 de octubre de 2016.-<\/strong>El concejal de Infraestructuras del Ayuntamiento de Mijas, Jos\u00e9 Carlos Mart\u00edn (Cs), ha visitado las obras de la avenida de M\u00e9jico para comprobar el avance de las mismas y ha anunciado que \u00abestar\u00e1n concluidas para finales de octubre\u00bb. Esta es la pen\u00faltima actuaci\u00f3n que contempla la planificaci\u00f3n de obras en el municipio para este a\u00f1o. Estos trabajos est\u00e1n enmarcados dentro del Plan Qualifica y han supuesto una inversi\u00f3n total de casi 4 millones de euros. \u00abLa remodelaci\u00f3n de esta avenida lleva consigo una renovaci\u00f3n de la pavimentaci\u00f3n, el saneamiento y la red el\u00e9ctrica. Esto supone una tranquilidad para los vecinos que ya no van a&nbsp; tener el miedo que vaya a romperse una tuber\u00eda o que, en general, fallen las infraestructuras que estaban ya obsoletas. Los vecinos han sufrido la incomodidad que suponen las obras pero al final los resultados merecen la pena\u00bb, se\u00f1ala el edil.<\/p>\n<p>\n\t&nbsp;<\/p>\n<p>\n\tTras la finalizaci\u00f3n de esta avenida se comenzar\u00e1 a trabajar en la plaza de la Constituci\u00f3n en el mes de enero del pr\u00f3ximo a\u00f1o, dentro de lo que es el Plan Qualifica, pero no ser\u00e1 la \u00fanica actuaci\u00f3n prevista puesto que tambi\u00e9n est\u00e1n en marcha las obras de renovaci\u00f3n de la Cuesta la Villa y las calles Co\u00edn, Campo y Barrio Santana (actualmente en ejecuci\u00f3n).<\/p>\n<p>\n\t&nbsp;<\/p>\n<p>\n\t\u00abLos ciudadanos han sufrido muchas molestias durante este a\u00f1o que llevamos de obras ya que han sido muy complicadas por la peculiaridad de Mijas Pueblo. Hablamos de un n\u00facleo peque\u00f1o y cuando es necesario cortar calles principales al tr\u00e1fico rodado la circulaci\u00f3n se convierte en un problema. Por ello desde el Ayuntamiento queremos agradecer la paciencia que han tenido y esperamos que pronto pueda estar esta v\u00eda abierta al p\u00fablico\u00bb, concluye el edil.<\/p>\n<p>\n\t&nbsp;<\/p>\n<p>\n\t&nbsp;<\/p>\n","protected":false},"excerpt":{"rendered":"<p>Esta es la pen\u00faltima actuaci\u00f3n de infraestructuras en el casco hist\u00f3rico enmarcadas dentro del Plan Qualifica que concluir\u00e1 con la renovaci\u00f3n de la plaza de la Constituci\u00f3n Mijas, 10 de octubre de 2016.-El concejal de Infraestructuras del Ayuntamiento de Mijas, Jos\u00e9 Carlos Mart\u00edn (Cs), ha visitado las obras de la avenida de M\u00e9jico para comprobar [&hellip;]<\/p>\n","protected":false},"author":1,"featured_media":8329,"comment_status":"closed","ping_status":"open","sticky":false,"template":"","format":"standard","meta":[],"categories":[19],"tags":[],"jetpack_featured_media_url":"https:\/\/www.mijas.es\/wp-content\/uploads\/2016\/10\/Image5353.jpg","_links":{"self":[{"href":"https:\/\/www.mijas.es\/portal\/wp-json\/wp\/v2\/posts\/5353"}],"collection":[{"href":"https:\/\/www.mijas.es\/portal\/wp-json\/wp\/v2\/posts"}],"about":[{"href":"https:\/\/www.mijas.es\/portal\/wp-json\/wp\/v2\/types\/post"}],"author":[{"embeddable":true,"href":"https:\/\/www.mijas.es\/portal\/wp-json\/wp\/v2\/users\/1"}],"replies":[{"embeddable":true,"href":"https:\/\/www.mijas.es\/portal\/wp-json\/wp\/v2\/comments?post=5353"}],"version-history":[{"count":0,"href":"https:\/\/www.mijas.es\/portal\/wp-json\/wp\/v2\/posts\/5353\/revisions"}],"wp:featuredmedia":[{"embeddable":true,"href":"https:\/\/www.mijas.es\/portal\/wp-json\/wp\/v2\/media\/8329"}],"wp:attachment":[{"href":"https:\/\/www.mijas.es\/portal\/wp-json\/wp\/v2\/media?parent=5353"}],"wp:term":[{"taxonomy":"category","embeddable":true,"href":"https:\/\/www.mijas.es\/portal\/wp-json\/wp\/v2\/categories?post=5353"},{"taxonomy":"post_tag","embeddable":true,"href":"https:\/\/www.mijas.es\/portal\/wp-json\/wp\/v2\/tags?post=5353"}],"curies":[{"name":"wp","href":"https:\/\/api.w.org\/{rel}","templated":true}]}}